{"id":18434,"date":"2020-06-10T10:27:38","date_gmt":"2020-06-10T10:27:38","guid":{"rendered":"https:\/\/tuavaluo.com\/avaluo\/2020\/06\/10\/albella-cnmv-lo-peor-ha-pasado-ya-pero-seguimos-con-la-luz-ambar-encendida\/"},"modified":"2020-06-10T10:27:38","modified_gmt":"2020-06-10T10:27:38","slug":"albella-cnmv-lo-peor-ha-pasado-ya-pero-seguimos-con-la-luz-ambar-encendida","status":"publish","type":"post","link":"https:\/\/tuavaluo.com\/avaluo\/2020\/06\/10\/albella-cnmv-lo-peor-ha-pasado-ya-pero-seguimos-con-la-luz-ambar-encendida\/","title":{"rendered":"Albella (CNMV): &quot;Lo peor ha pasado ya, pero seguimos con la luz \u00e1mbar encendida&quot;"},"content":{"rendered":"<p>\u00abEstas medidas (prohibici\u00f3n de las posiciones cortas) retiran fuerza vendedora del mercado, atenuando las espirales bajistas, y nos permiten a los supervisores hacer ver que estamos pendientes de la situaci\u00f3n\u00bb, ha se\u00f1alado Albella.<\/p>\n<p>El presidente de la CNMV ha explicado que, dado que estas decisiones son bastantes controvertidas, <strong>intentaron a mediados de marzo que hubiera una medida general a nivel europeo<\/strong>. Sin embargo, hab\u00eda \u00abdistintas sensibilidades y percepciones de lo que estaba siendo la crisis y al final solo nosotros y otros cinco pa\u00edses (Francia, B\u00e9lgica, Austria, Grecia e Italia) fuimos los que la adoptamos\u00bb. Albella ha dicho, en este sentido, que estas medidas tienen <strong>un \u00abefecto se\u00f1alamiento\u00bb<\/strong> y que por eso hay que tratar de consensuarlas y actuar coordinadamente. \u00abSi uno la adopta solo, est\u00e1 mandando un mensaje de especial preocupaci\u00f3n\u00bb, ha indicado.<\/p>\n<p>Sebasti\u00e1n Albella ha sido tajante sobre la idoneidad de esta decisi\u00f3n <strong><a href=\"https:\/\/www.bolsamania.com\/noticias\/mercados\/tarde-mal-y-nunca-expertos-critican-decision-cnmv-prohibir-cortos--7382479.html\" rel=\"noopener noreferrer\" target=\"_blank\" rel=\"nofollow\" >m\u00e1s all\u00e1 de la cr\u00edticas<\/a><\/strong> que haya podido recibir el regulador. <strong>\u00abHicimos bien al prohibir los cortos, contribuimos a que se calmaran los \u00e1nimos, y hemos hecho muy bien <a href=\"https:\/\/www.bolsamania.com\/noticias\/pulsos\/veto-cortos-pesa-mas-efecto-vacuna-ibex-cae--7501252.html\" rel=\"noopener noreferrer\" target=\"_blank\" rel=\"nofollow\" >al levantarla<\/a>\u00ab<\/strong>, se\u00f1ala. El m\u00e1ximo responsable de la CNMV ha reconocido que a ellos no les gustan especialmente estas medidas y ha subrayado que se toman para frenar la espiral bajista. \u00abA nosotros no nos gustan. Era plenamente razonable levantarlas. <a href=\"https:\/\/www.bolsamania.com\/noticias\/mercados\/cnmv-levantara-desde-este-martes-prohibicion-posiciones-cortas--7497726.html\" rel=\"noopener noreferrer\" target=\"_blank\" rel=\"nofollow\" ><strong>Los &#8216;cortistas&#8217; producen efectos positivos<\/strong><\/a> en el mercado porque incrementan la liquidez, ayudan a identificar debilidades de compa\u00f1\u00edas pronto, desinflan burbujas antes&#8230; y el hecho de que la operativa en corto est\u00e9 permitida tambi\u00e9n permite estrategias de negociaci\u00f3n que contribuyen, en general, al buen funcionamiento del mercado\u00bb, ha explicado<\/p>\n<p>Albella ha a\u00f1adido que <strong>esperan no tener que volver a adoptar esta medida con motivo de esta situaci\u00f3n producto del Covid-19<\/strong>, aunque reconoce que siguen \u00abpendientes\u00bb dado el momento de recesi\u00f3n econ\u00f3mica en el que nos encontramos, que puede generar problemas de solvencia.<\/p>\n<h3>\u00abSEGUIMOS CON LAS LUCES \u00c1MBAR ENCENDIDAS\u00bb<\/h3>\n<p>El m\u00e1ximo responsable de la Comisi\u00f3n Nacional del Mercado de Valores cree que lo peor ha pasado en lo que tiene que ver con la crisis de la pandemia. \u00abYo soy un optimistas nato. <strong>Creo que lo peor ha pasado en general y que, desde el punto vista del mercado, la situaci\u00f3n se va a consolidar en t\u00e9rminos razonables<\/strong>\u00ab, ha indicado.<\/p>\n<p>Seg\u00fan Albella, todo se ha normalizado bastante desde la fase cr\u00edtica que se vivi\u00f3 en la segunda quincena de marzo. \u00ab\u00daltimamente ha habido un repunte de las cotizaciones Y una bajada de la volatilidad. Los mercados est\u00e1n en una situaci\u00f3n de vuelta a la normalidad\u00bb. Pese a ello, ha a\u00f1adido que <strong>\u00abtodos los supervisores seguimos con las luces \u00e1mbar encendidas por lo que pueda pasar\u00bb.<\/strong><\/p>\n<p>El presidente de la CNMV ha puesto \u00e9nfasis en la intensa actividad de cooperaci\u00f3n internacional en la fase del Covid-19. \u00abSomos miembros de ESMA (Autoridad Europea de Valores y Mercados) y <strong>la actividad de ESMA en esta fase ha sido muy intensa<\/strong>. Ha sido muy enriquecedor y satisfactorio el trabajo a nivel europeo\u00bb, ha apuntado. En este sentido, Albella tambi\u00e9n ha subrayado el trabajo en el marco de la IOSCO (Organizaci\u00f3n Internacional de Comisiones de Valores).<\/p>\n<p>Durante el periodo de mayor estr\u00e9s en los mercados, en el pasado mes de marzo, los niveles no alcanzaron los que se vieron en 2008-2009 y la volatilidad, tampoco, ha precisado Albella. En este sentido, ha reconocido que una de las conclusiones que se ha extra\u00eddo de esta situaci\u00f3n de \u00abpleno estr\u00e9s\u00bb es que la reforma que se hizo a ra\u00edz de la crisis financiera de 2008 y 2009 ha funcionado. Con todo, hubo momentos en los que se dieron<strong> problemas en los procesos de liquidaci\u00f3n, con retrasos en la entrega de valores que se resolvieron \u00aben uno o dos d\u00edas\u00bb<\/strong> y que se debieron al incremento de los vol\u00famenes de negociaci\u00f3n y el estr\u00e9s, junto al hecho de que muchas entidades participantes en los procesos de liquidaci\u00f3n estaban teletrabajando y eso implica limitaciones en los procesos operativos.<\/p>\n<p>&#013;<br \/>\nSource: Bolsamania.com<\/p>\n","protected":false},"excerpt":{"rendered":"<p>\u00abEstas medidas (prohibici\u00f3n de las posiciones cortas) retiran fuerza vendedora del mercado, atenuando las espirales bajistas, y nos permiten a&#8230;<\/p>\n","protected":false},"author":3,"featured_media":0,"comment_status":"open","ping_status":"closed","sticky":false,"template":"","format":"standard","meta":[],"categories":[104],"tags":[99],"_links":{"self":[{"href":"https:\/\/tuavaluo.com\/avaluo\/wp-json\/wp\/v2\/posts\/18434"}],"collection":[{"href":"https:\/\/tuavaluo.com\/avaluo\/wp-json\/wp\/v2\/posts"}],"about":[{"href":"https:\/\/tuavaluo.com\/avaluo\/wp-json\/wp\/v2\/types\/post"}],"author":[{"embeddable":true,"href":"https:\/\/tuavaluo.com\/avaluo\/wp-json\/wp\/v2\/users\/3"}],"replies":[{"embeddable":true,"href":"https:\/\/tuavaluo.com\/avaluo\/wp-json\/wp\/v2\/comments?post=18434"}],"version-history":[{"count":0,"href":"https:\/\/tuavaluo.com\/avaluo\/wp-json\/wp\/v2\/posts\/18434\/revisions"}],"wp:attachment":[{"href":"https:\/\/tuavaluo.com\/avaluo\/wp-json\/wp\/v2\/media?parent=18434"}],"wp:term":[{"taxonomy":"category","embeddable":true,"href":"https:\/\/tuavaluo.com\/avaluo\/wp-json\/wp\/v2\/categories?post=18434"},{"taxonomy":"post_tag","embeddable":true,"href":"https:\/\/tuavaluo.com\/avaluo\/wp-json\/wp\/v2\/tags?post=18434"}],"curies":[{"name":"wp","href":"https:\/\/api.w.org\/{rel}","templated":true}]}}