{"id":18502,"date":"2020-06-11T11:20:28","date_gmt":"2020-06-11T11:20:28","guid":{"rendered":"https:\/\/tuavaluo.com\/avaluo\/2020\/06\/11\/bruselas-apremia-a-los-paises-de-la-ue-a-reabrir-su-frontera-interior-el-15-de-junio\/"},"modified":"2020-06-11T11:20:28","modified_gmt":"2020-06-11T11:20:28","slug":"bruselas-apremia-a-los-paises-de-la-ue-a-reabrir-su-frontera-interior-el-15-de-junio","status":"publish","type":"post","link":"https:\/\/tuavaluo.com\/avaluo\/2020\/06\/11\/bruselas-apremia-a-los-paises-de-la-ue-a-reabrir-su-frontera-interior-el-15-de-junio\/","title":{"rendered":"Bruselas apremia a los pa\u00edses de la UE a reabrir su frontera interior el 15 de junio"},"content":{"rendered":"<p>El consenso entre los socios de la UE era reiniciar progresivamente la desescalada en el <strong>cierre de fronteras dentro del espacio Schengen<\/strong>, de modo que la libre circulaci\u00f3n entre el espacio com\u00fan funcionara con normalidad antes de pasar a la segunda fase de abrir el bloque a pa\u00edses terceros.<\/p>\n<p>Bruselas considera que la primera parte de esta relajaci\u00f3n de medidas se est\u00e1 cumpliendo ya en la mayor\u00eda de Estados miembro, por lo que pide \u00abcon firmeza\u00bb a los pa\u00edses que no lo han hecho a\u00fan a \u00abconcluir el proceso de levantar las restricciones a la libre circulaci\u00f3n y retirar los controles interiores dentro de la UE<strong> antes del 15 de junio<\/strong>\u00ab.<\/p>\n<p>Este calendario eleva la presi\u00f3n sobre los tiempos previstos por el Gobierno de <strong>Pedro S\u00e1nchez<\/strong>, cuya \u00faltima notificaci\u00f3n formal a Bruselas sobre el cierre de sus fronteras expira el 21 de junio, pero puede ser prorrogado y Espa\u00f1a mantiene en su estrategia de desescalada el 1 de julio como fecha para levantar esos controles.<\/p>\n<p>La comisaria de Interior, Ylva Johansson, ha justificado esta petici\u00f3n en que la situaci\u00f3n de <strong>control de la pandemia es \u00abcada vez mejor\u00bb en los pa\u00edses de la UE<\/strong>, con datos que \u00abconvergen\u00bb y medidas equivalentes para reducir el riesgo de contagio, al tiempo que ha subrayado que el Centro Europeo para la Prevenci\u00f3n y el Control de las Enfermedades (ECDC) considera que el cierre de fronteras dentro del espacio Schengen \u00abno es ahora una medida efectiva para controlar la pandemia\u00bb.<\/p>\n<p><strong>LISTA DE PA\u00cdSES TERCEROS<\/strong><\/p>\n<p>En cualquier caso, el Ejecutivo comunitario tiene ya la vista puesta en el 1 de julio como el inicio de los viajes entre la Uni\u00f3n Europea y pa\u00edses de terceros pa\u00edses, para lo que pide a los Veintisiete fijar unos criterios comunes que aseguren que solo se permite la <strong>entrada de viajeros procedentes de pa\u00edses en donde la situaci\u00f3n epidemiol\u00f3gica es igual o mejor<\/strong> que la del bloque.<\/p>\n<p>Por ello, Bruselas conf\u00eda en que los Estados miembro sean capaces de consensuar una l<strong>ista cerrada pero \u00abrevisable peri\u00f3dicamente\u00bb<\/strong> de pa\u00edses terceros que no suponen un riesgo y cuyos nacionales podr\u00e1n viajar este verano al conjunto de la Uni\u00f3n Europea, puesto que una ves llegado a un pa\u00eds del bloque tendr\u00e1 libertad de movimiento por todos los Estados miembro.<\/p>\n<p>La lista deber\u00e1 basarse en<strong> criterios epidemiol\u00f3gicos<\/strong>, a pesar de las dificultades que la comisaria ha reconocido que existen para recabar datos verificables en determinados pa\u00edses, y deber\u00e1 tambi\u00e9n tener en cuenta cuestiones como las medidas de contenci\u00f3n durante el viaje que son capaces de aplicar estos destinos y que sigan el principio de reciprocidad.<\/p>\n<p>&#013;<br \/>\nSource: Bolsamania.com<\/p>\n","protected":false},"excerpt":{"rendered":"<p>El consenso entre los socios de la UE era reiniciar progresivamente la desescalada en el cierre de fronteras dentro del&#8230;<\/p>\n","protected":false},"author":3,"featured_media":0,"comment_status":"open","ping_status":"closed","sticky":false,"template":"","format":"standard","meta":[],"categories":[104],"tags":[99],"_links":{"self":[{"href":"https:\/\/tuavaluo.com\/avaluo\/wp-json\/wp\/v2\/posts\/18502"}],"collection":[{"href":"https:\/\/tuavaluo.com\/avaluo\/wp-json\/wp\/v2\/posts"}],"about":[{"href":"https:\/\/tuavaluo.com\/avaluo\/wp-json\/wp\/v2\/types\/post"}],"author":[{"embeddable":true,"href":"https:\/\/tuavaluo.com\/avaluo\/wp-json\/wp\/v2\/users\/3"}],"replies":[{"embeddable":true,"href":"https:\/\/tuavaluo.com\/avaluo\/wp-json\/wp\/v2\/comments?post=18502"}],"version-history":[{"count":0,"href":"https:\/\/tuavaluo.com\/avaluo\/wp-json\/wp\/v2\/posts\/18502\/revisions"}],"wp:attachment":[{"href":"https:\/\/tuavaluo.com\/avaluo\/wp-json\/wp\/v2\/media?parent=18502"}],"wp:term":[{"taxonomy":"category","embeddable":true,"href":"https:\/\/tuavaluo.com\/avaluo\/wp-json\/wp\/v2\/categories?post=18502"},{"taxonomy":"post_tag","embeddable":true,"href":"https:\/\/tuavaluo.com\/avaluo\/wp-json\/wp\/v2\/tags?post=18502"}],"curies":[{"name":"wp","href":"https:\/\/api.w.org\/{rel}","templated":true}]}}