{"id":18566,"date":"2020-06-12T10:21:16","date_gmt":"2020-06-12T10:21:16","guid":{"rendered":"https:\/\/tuavaluo.com\/avaluo\/2020\/06\/12\/el-gobierno-autoriza-desde-el-15-de-junio-de-un-corredor-turistico-de-alemania-hacia-baleares\/"},"modified":"2020-06-12T10:21:16","modified_gmt":"2020-06-12T10:21:16","slug":"el-gobierno-autoriza-desde-el-15-de-junio-de-un-corredor-turistico-de-alemania-hacia-baleares","status":"publish","type":"post","link":"https:\/\/tuavaluo.com\/avaluo\/2020\/06\/12\/el-gobierno-autoriza-desde-el-15-de-junio-de-un-corredor-turistico-de-alemania-hacia-baleares\/","title":{"rendered":"El Gobierno autoriza desde el 15 de junio de un corredor tur\u00edstico de Alemania hacia Baleares"},"content":{"rendered":"<div class=\"read-more-links\">\n<h5>Noticia relacionada<\/h5>\n<p><a class=\"readMore\" href=\"https:\/\/www.bolsamania.com\/noticias\/economia\/sector-turistico-preve-perdidas-83000-millones-un-millon-empleos-menos--7537936.html\" rel=\"noopener noreferrer\" target=\"_blank\" data-id=\"7537936\" rel=\"nofollow\" ><\/p>\n<figure><img class=\"lazy\" title=\"Leer m&#xE1;s\" data-original=\"https:\/\/img3.s3wfg.com\/web\/img\/images_uploaded\/0\/3\/ep_hoteles_cerrados_en_la_playa_playamar_en_torremolinos_285x185.jpg\" data-src=\"https:\/\/img3.s3wfg.com\/web\/img\/images_uploaded\/0\/3\/ep_hoteles_cerrados_en_la_playa_playamar_en_torremolinos_285x185.jpg\" \/><\/figure>\n<p>El sector tur\u00edstico prev\u00e9 p\u00e9rdidas de 83.000 millones y un mill\u00f3n de empleos menos <\/a><\/div>\n<p>As\u00ed, desde el pr\u00f3ximo lunes se permitir\u00e1 la entrada de turistas a Baleares procedentes de Estados miembros o Estados asociados Schengen a trav\u00e9s de rutas a\u00e9reas espec\u00edficas, as\u00ed como la <strong>entrada a territorio nacional a trav\u00e9s de las fronteras interiores<\/strong> a las personas que lleguen a Baleares a trav\u00e9s de este corredor, quedando \u00e9stos exceptuados de guardar el periodo de cuarentena.<\/p>\n<p>En total, la Orden recoge 47 vuelos procedentes de diversos aeropuertos alemanes programados entre el 15 y el 30 de junio, la mayor\u00eda a Mallorca; ocho conexiones a Ibiza y s\u00f3lo se prev\u00e9 un vuelo a Mah\u00f3n. Para este lunes hay dos vuelos programados de Frankfurt y Dusseldorf a Palma; el primer vuelo confirmado a Ibiza, desde Dusseldorf, ser\u00e1 el mi\u00e9rcoles 17 de junio; y el \u00fanico vuelo confirmado con Mah\u00f3n, el 27 de junio.<\/p>\n<p>Cabe recordar que desde el Govern reconoc\u00edan que el mercado alem\u00e1n es mayoritario en Mallorca pero no tiene tanta presencia en las otras islas, por lo que han expresado su voluntad de trabajar por que se comercialicen vuelos que permitan un reparto m\u00e1s equilibrado de visitantes entre las distintas islas. Seg\u00fan una Orden publicada este viernes en el Bolet\u00edn Oficial del Estado (BOE), <strong>la apertura de los corredores tur\u00edsticos requerir\u00e1 que la comunidad aut\u00f3noma de destino se encuentre en la fase III<\/strong> del Plan de Transici\u00f3n a la Nueva Normalidad.<\/p>\n<p>Asimismo, se exigir\u00e1 que tanto el Estado de origen de los turistas como la Comunidad Aut\u00f3noma de Baleares tengan una tasa de ataque de Covid-19 por 100.000 habitantes en siete d\u00edas consecutivos inferior a nueve casos, garantizando con ello una situaci\u00f3n de equivalencia epidemiol\u00f3gica. Ser\u00e1 necesario que el turista que se desplace sea residente en el mismo Estado donde se ubique el aeropuerto de origen.<\/p>\n<p><strong>CONTROL Y REQUISITOS A CUMPLIR<\/strong><\/p>\n<p>Los turistas que accedan al territorio nacional a trav\u00e9s de los corredores tur\u00edsticos deber\u00e1n estar en disposici\u00f3n de aportar prueba de billete de ida y vuelta desde el aeropuerto de origen del corredor tur\u00edstico, as\u00ed como de <strong>alojamiento en Baleares por todo el periodo de estancia<\/strong>, que no podr\u00e1 ser inferior a cinco noches.<\/p>\n<p>Los corredores tur\u00edsticos seguros \u00fanicamente se podr\u00e1n establecer en conexiones cuyo destino en la comunidad aut\u00f3noma conserve la consideraci\u00f3n de aeropuerto designado como punto de entrada con capacidad de atenci\u00f3n a emergencias de salud p\u00fablica de importancia internacional.<\/p>\n<p>Los aeropuertos de origen y de destino, as\u00ed como las compa\u00f1\u00edas a\u00e9reas que vayan a hacer los vuelos dentro del corredor tur\u00edstico seguro deber\u00e1n formar parte del Programa Voluntario de Monitorizaci\u00f3n de la Implementaci\u00f3n del Protocolo Operativo de EASA para el Covid-19 o tener implantadas las recomendaciones de la Agencia de la Uni\u00f3n Europea para la Seguridad A\u00e9rea (EASA) a partir del 15 de junio de 2020 o, en su caso, a partir del momento en que se vayan a efectuar los vuelos.<\/p>\n<p>Las compa\u00f1\u00edas a\u00e9reas tambi\u00e9n deber\u00e1n informar del <strong>n\u00famero m\u00e1ximo de plazas diarias que pretendan comercializar<\/strong> dentro del corredor tur\u00edstico seguro y facilitar el formulario de salud p\u00fablica para localizar a los pasajeros (Passanger Location Card), que deber\u00e1 portar el viajero a la llegada a Espa\u00f1a. En el aeropuerto de llegada, el personal de Sanidad Exterior llevar\u00e1 a cabo los controles sanitarios necesarios, lo que incluir\u00e1 el control documental en base a la Passanger Location Card y cualquier otro que se estime oportuno.<\/p>\n<p>&#013;<br \/>\nSource: Bolsamania.com<\/p>\n","protected":false},"excerpt":{"rendered":"<p>Noticia relacionada El sector tur\u00edstico prev\u00e9 p\u00e9rdidas de 83.000 millones y un mill\u00f3n de empleos menos As\u00ed, desde el pr\u00f3ximo&#8230;<\/p>\n","protected":false},"author":3,"featured_media":18567,"comment_status":"open","ping_status":"closed","sticky":false,"template":"","format":"standard","meta":[],"categories":[104],"tags":[99],"_links":{"self":[{"href":"https:\/\/tuavaluo.com\/avaluo\/wp-json\/wp\/v2\/posts\/18566"}],"collection":[{"href":"https:\/\/tuavaluo.com\/avaluo\/wp-json\/wp\/v2\/posts"}],"about":[{"href":"https:\/\/tuavaluo.com\/avaluo\/wp-json\/wp\/v2\/types\/post"}],"author":[{"embeddable":true,"href":"https:\/\/tuavaluo.com\/avaluo\/wp-json\/wp\/v2\/users\/3"}],"replies":[{"embeddable":true,"href":"https:\/\/tuavaluo.com\/avaluo\/wp-json\/wp\/v2\/comments?post=18566"}],"version-history":[{"count":0,"href":"https:\/\/tuavaluo.com\/avaluo\/wp-json\/wp\/v2\/posts\/18566\/revisions"}],"wp:featuredmedia":[{"embeddable":true,"href":"https:\/\/tuavaluo.com\/avaluo\/wp-json\/wp\/v2\/media\/18567"}],"wp:attachment":[{"href":"https:\/\/tuavaluo.com\/avaluo\/wp-json\/wp\/v2\/media?parent=18566"}],"wp:term":[{"taxonomy":"category","embeddable":true,"href":"https:\/\/tuavaluo.com\/avaluo\/wp-json\/wp\/v2\/categories?post=18566"},{"taxonomy":"post_tag","embeddable":true,"href":"https:\/\/tuavaluo.com\/avaluo\/wp-json\/wp\/v2\/tags?post=18566"}],"curies":[{"name":"wp","href":"https:\/\/api.w.org\/{rel}","templated":true}]}}