{"id":18568,"date":"2020-06-12T10:20:18","date_gmt":"2020-06-12T10:20:18","guid":{"rendered":"https:\/\/tuavaluo.com\/avaluo\/2020\/06\/12\/pallete-el-negocio-de-telefonica-es-mas-resistente-que-otros-se-reflejara-en-la-accion\/"},"modified":"2020-06-12T10:20:18","modified_gmt":"2020-06-12T10:20:18","slug":"pallete-el-negocio-de-telefonica-es-mas-resistente-que-otros-se-reflejara-en-la-accion","status":"publish","type":"post","link":"https:\/\/tuavaluo.com\/avaluo\/2020\/06\/12\/pallete-el-negocio-de-telefonica-es-mas-resistente-que-otros-se-reflejara-en-la-accion\/","title":{"rendered":"Pallete: &quot;El negocio de Telef\u00f3nica es m\u00e1s resistente que otros, se reflejar\u00e1 en la acci\u00f3n&quot;"},"content":{"rendered":"<p>\u00ab<strong>En un entorno de incertidumbre, los mercados est\u00e1n muy distorsionados<\/strong>\u00ab, ha asumido \u00c1lvarez-Pallete. \u00abY el precio de la acci\u00f3n se ha visto afectado. No somos inmunes a esta situaci\u00f3n,<strong> pero estamos seguros de que con la ejecuci\u00f3n de nuestro plan de acci\u00f3n estamos avanzando en la direcci\u00f3n correcta<\/strong>, generando valor y de que esto se reflejar\u00e1 en la cotizaci\u00f3n de la acci\u00f3n\u00bb.<\/p>\n<p>El presidente de la &#8216;teleco&#8217; ha recordado que en el comportamiento de la acci\u00f3n, influye tanto la evoluci\u00f3n de la compa\u00f1\u00eda y el entorno, como la situaci\u00f3n extraordinaria del Covid-19. \u00abTenemos la obligaci\u00f3n de gestionar teniendo en cuenta el contexto pero con nuestro propio rumbo y los objetivos que nos hemos fijado\u00bb. Pallete ha vuelto a recordar el alto n\u00famero de operadores del sector y que la compa\u00f1\u00eda \u00abno ha esperado\u00bb, sino que ha \u00abse ha transformado, ha invertido de forma decidida, desarrollado nuevos servicios y es m\u00e1s exigente con la rentabilidad del capital\u00bb. \u00ab<strong>Estamos convencidos de que la compa\u00f1\u00eda es m\u00e1s fuerte que hace cinco a\u00f1os<\/strong>\u00ab.<\/p>\n<p><strong>NO COMPRAR\u00c1 ACCIONES<\/strong><\/p>\n<div class=\"read-more-links\">\n<h5>Noticia relacionada<\/h5>\n<p><a class=\"readMore\" href=\"https:\/\/www.bolsamania.com\/noticias\/ultimas\/telefonica-vuelve-a-la-formula-del-dividendo-en-acciones-para-proteger-su-liquidez--7474519.html\" rel=\"noopener noreferrer\" target=\"_blank\" data-id=\"7474519\" rel=\"nofollow\" ><\/p>\n<figure><img class=\"lazy\" title=\"Leer m&#xE1;s\" data-original=\"https:\/\/img6.s3wfg.com\/web\/img\/images_uploaded\/e\/d\/ep_sede_de_telefonica_285x185.jpg\" data-src=\"https:\/\/img6.s3wfg.com\/web\/img\/images_uploaded\/e\/d\/ep_sede_de_telefonica_285x185.jpg\" \/><\/figure>\n<p>Telef\u00f3nica vuelve a la f\u00f3rmula del dividendo en acciones para proteger su liquidez <\/a><\/div>\n<p>\u00ab<strong>Pod\u00edamos haber tomado decisiones para impulsar la acci\u00f3n a corto plazo, pero hemos decidido mantener el rumbo<\/strong>. Nuestra meta no est\u00e1 a tres meses, tenemos el compromiso de mirar a horizontes largos, <strong>no vamos a vender infraestructuras estrat\u00e9gicas ni hacer compras masivas de acciones<\/strong> que nos debiliten a futuro. Nuestra meta es una Telef\u00f3nica preparada para los pr\u00f3ximos 100 a\u00f1os y m\u00e1s pronto que tarde se va a reflejar en la acci\u00f3n\u00bb<\/p>\n<p>No ha dado cifras en cuanto a c\u00f3mo mejorar\u00e1 la cotizaci\u00f3n, pero s\u00ed ha indicado un apunte de c\u00f3mo ve el ejercicio en curso \u00abDe cara a este 2020, nuestro objetivo financiero es optimizar la generaci\u00f3n de caja. Y <strong>contamos con un balance s\u00f3lido y una fuerte posici\u00f3n de liquidez para afrontar los vaivenes de esta crisis<\/strong>. Seguiremos invirtiendo, seguiremos reduciendo deuda y seguiremos manteniendo un dividendo atractivo y sostenible\u00bb.<\/p>\n<p>El <a href=\"https:\/\/www.bolsamania.com\/noticias\/empresas\/accionistas-telefonica-votan-vuelta-scrip-dividend-cuatro-anos-despues--7535080.html\" rel=\"noopener noreferrer\" target=\"_blank\" rel=\"nofollow\" ><strong>dividendo es uno de los focos de la operadora en los \u00faltimos meses<\/strong><\/a> que, asegura, ha mantenido dado el alto n\u00famero de minoritarios en su capital, aunque ha abierto la puerta a cobrar el dividendo en acciones y no en efectivo. \u00abHemos tenido presentes en todo momento a nuestros millones de accionistas, cada minuto que vel\u00e1bamos por el cumplimiento de nuestra misi\u00f3n, cada d\u00eda que custodi\u00e1bamos el valor de su compa\u00f1\u00eda. Y asumimos sus expectativas, pues <strong>sabemos que cuentan con el dividendo como un componente de su renta<\/strong> y por eso optamos por mantenerlo en 0,40 euros por acci\u00f3n\u00bb, ha resumido \u00c1lvarez-Pallete.<\/p>\n<p>\u00abDurante los \u00faltimos a\u00f1os hemos reducido mucho nuestra deuda, en m\u00e1s de 15.000 millones desde 2016\u00bb, ha recalcado el presidente ejecutivo. Adem\u00e1s asume que hay opciones \u00abinorg\u00e1nicas\u00bb, venta de activos que analiza la compa\u00f1\u00eda. Entre ellas, hay que recordar que est\u00e1 pendiente la <strong>segregaci\u00f3n de activos en Am\u00e9rica Latina<\/strong>, salvo el mercado estrat\u00e9gico brasile\u00f1o.<\/p>\n<p>\u00abNecesitamos mejorar nuestro retorno en la regi\u00f3n y todas las opciones est\u00e1n sobre la mesa\u00bb, ha asumido \u00c1lvarez-Pallete. Es decir, alternativas inorg\u00e1nicas, seg\u00fan ha indicado en respuesta a las preguntas remitidas por escrito por los accionistas.<\/p>\n<p>&#013;<br \/>\nSource: Bolsamania.com<\/p>\n","protected":false},"excerpt":{"rendered":"<p>\u00abEn un entorno de incertidumbre, los mercados est\u00e1n muy distorsionados\u00ab, ha asumido \u00c1lvarez-Pallete. \u00abY el precio de la acci\u00f3n se&#8230;<\/p>\n","protected":false},"author":3,"featured_media":18569,"comment_status":"open","ping_status":"closed","sticky":false,"template":"","format":"standard","meta":[],"categories":[104],"tags":[99],"_links":{"self":[{"href":"https:\/\/tuavaluo.com\/avaluo\/wp-json\/wp\/v2\/posts\/18568"}],"collection":[{"href":"https:\/\/tuavaluo.com\/avaluo\/wp-json\/wp\/v2\/posts"}],"about":[{"href":"https:\/\/tuavaluo.com\/avaluo\/wp-json\/wp\/v2\/types\/post"}],"author":[{"embeddable":true,"href":"https:\/\/tuavaluo.com\/avaluo\/wp-json\/wp\/v2\/users\/3"}],"replies":[{"embeddable":true,"href":"https:\/\/tuavaluo.com\/avaluo\/wp-json\/wp\/v2\/comments?post=18568"}],"version-history":[{"count":0,"href":"https:\/\/tuavaluo.com\/avaluo\/wp-json\/wp\/v2\/posts\/18568\/revisions"}],"wp:featuredmedia":[{"embeddable":true,"href":"https:\/\/tuavaluo.com\/avaluo\/wp-json\/wp\/v2\/media\/18569"}],"wp:attachment":[{"href":"https:\/\/tuavaluo.com\/avaluo\/wp-json\/wp\/v2\/media?parent=18568"}],"wp:term":[{"taxonomy":"category","embeddable":true,"href":"https:\/\/tuavaluo.com\/avaluo\/wp-json\/wp\/v2\/categories?post=18568"},{"taxonomy":"post_tag","embeddable":true,"href":"https:\/\/tuavaluo.com\/avaluo\/wp-json\/wp\/v2\/tags?post=18568"}],"curies":[{"name":"wp","href":"https:\/\/api.w.org\/{rel}","templated":true}]}}