{"id":18609,"date":"2020-06-13T04:00:00","date_gmt":"2020-06-13T04:00:00","guid":{"rendered":"https:\/\/tuavaluo.com\/avaluo\/2020\/06\/13\/no-vengas-a-espana-klaus\/"},"modified":"2020-06-13T04:00:00","modified_gmt":"2020-06-13T04:00:00","slug":"no-vengas-a-espana-klaus","status":"publish","type":"post","link":"https:\/\/tuavaluo.com\/avaluo\/2020\/06\/13\/no-vengas-a-espana-klaus\/","title":{"rendered":"\u00a1No vengas a Espa\u00f1a, Klaus!"},"content":{"rendered":"<div class=\"read-more-links\">\n<h5>Noticia relacionada<\/h5>\n<p><a class=\"readMore\" href=\"https:\/\/www.bolsamania.com\/noticias\/economia\/alemania-prolonga-hasta-31-agosto-recomendacion-no-viajar-espana--7536690.html\" rel=\"noopener noreferrer\" target=\"_blank\" data-id=\"7536690\" rel=\"nofollow\" ><\/p>\n<figure><img class=\"lazy\" title=\"Leer m&#xE1;s\" data-original=\"https:\/\/img.s3wfg.com\/web\/img\/images_uploaded\/2\/a\/pedro_sanchez_angela_merkel_portada_285x185.jpg\" data-src=\"https:\/\/img.s3wfg.com\/web\/img\/images_uploaded\/2\/a\/pedro_sanchez_angela_merkel_portada_285x185.jpg\" \/><\/figure>\n<p>Alemania prolonga hasta el 31 de agosto la recomendaci\u00f3n de no viajar a Espa\u00f1a <\/a><\/div>\n<p>Esta recomendaci\u00f3n deber\u00eda hacer que se le caiga la cara de verg\u00fcenza al Gobierno de <strong>Pedro S\u00e1nchez<\/strong>, porque el motivo que da Alemania es que, \u00aba diferencia del caso de nuestros vecinos europeos, para el resto del mundo [incluyendo Espa\u00f1a, que saca de los pa\u00edses europeos serios] <strong>no tenemos todav\u00eda a d\u00eda de hoy datos fiables, criterios y procesos de coordinaci\u00f3n<\/strong> compartidos que permitan de nuevo un turismo ilimitado sin riegos incalculables\u00bb. Alemania ha tomado esta decisi\u00f3n, dado que no puede, ni quiere, asumir el riesgo de que los ciudadanos alemanes queden varados nuevamente este verano en nuestro pa\u00eds o traigan al pa\u00eds, sin saberlo, el virus a su regreso.<\/p>\n<p>Es decir, <strong>Merkel no se f\u00eda un pelo de S\u00e1nchez<\/strong>. Lo cual no es de extra\u00f1ar porque, para unos ojos alemanes, son impresentables los continuos bandazos en la forma de contabilizar los muertos y contagiados, las incoherencias de la serie hist\u00f3rica, la discrepanacia entre los <a href=\"https:\/\/www.bolsamania.com\/noticias\/sanidad\/ine-calcula-44000-muertes-mas-2020-peor-30-marzo-5-abril--7529679.html\" target=\"_blank\"  rel=\"nofollow\" ><strong>44.000 muertos del INE y del Registro<\/strong> <\/a>y los 27.000 del Ministerio e incluso las &#8216;resurrecciones&#8217; (de repente hay menos muertos que el d\u00eda anterior).<\/p>\n<p>Y eso, m\u00e1s all\u00e1 de los ataques de la oposici\u00f3n, tiene consecuencias: <strong>a los turistas extranjeros les da miedo<\/strong> viajar a un pa\u00eds que ya ten\u00edan conceptuado como poco serio, pero donde hac\u00eda mucho sol. Si esa falta de seriedad te puede costar la vida, mejor buscar el sol en otros pa\u00edses que tambi\u00e9n lo tengan. Y que, adem\u00e1s, han empezado ya a dejarles viajar, mientras que Espa\u00f1a se ha empecinado en solitario y <a href=\"https:\/\/www.bolsamania.com\/noticias\/economia\/bruselas-apremia-paises-ue-reabrir-frontera-interior-15-junio--7537963.html\" target=\"_blank\"  rel=\"nofollow\" ><strong>en contra de Bruselas<\/strong><\/a> en mantener cerradas las fronteras hasta el 1 de julio. Hubo un rayo de esperanza cuando la <a href=\"https:\/\/www.bolsamania.com\/noticias\/economia\/el-gobierno-rectifica-a-maroto-espana-abrira-fronteras-a-todos-los-turistas-el-1-de-julio--7530908.html\" target=\"_blank\"  rel=\"nofollow\" ><strong>ministra Maroto lo adelant\u00f3 al 22 de junio<\/strong><\/a>, pero dur\u00f3 poco. Su propio ministerio la hizo un desmentido, uno m\u00e1s de este Gobierno tan coherente y cohesionado.<\/p>\n<div class=\"read-more-links\">\n<h5>Noticia relacionada<\/h5>\n<p><a class=\"readMore\" href=\"https:\/\/www.bolsamania.com\/noticias\/politica\/money-talks-gobierno-resucita-muertos-coronavirus--7524241.html\" rel=\"noopener noreferrer\" target=\"_blank\" data-id=\"7524241\" rel=\"nofollow\" ><\/p>\n<figure><img class=\"lazy\" title=\"Leer m&#xE1;s\" data-original=\"https:\/\/img4.s3wfg.com\/web\/img\/images_uploaded\/5\/8\/careta-money-talks---el-gobierno-resucita-a-los-muertos3_285x185.jpg\" data-src=\"https:\/\/img4.s3wfg.com\/web\/img\/images_uploaded\/5\/8\/careta-money-talks---el-gobierno-resucita-a-los-muertos3_285x185.jpg\" \/><\/figure>\n<p>Money Talks | El Gobierno resucita a los muertos, pero se le mueren las empresas <\/a><\/div>\n<p>Pues un pa\u00eds que vive en gran parte del turismo con las fronteras cerradas mientras sus competidores las abren, con un desastre de cifras y sin coordinaci\u00f3n con los pa\u00edses de origen (\u00bfno ha tenido tiempo el Gobierno de negociarlo en estos tres meses?), y con la  recomendaci\u00f3n de no viajar por parte de Alemania (el \u00fanico pa\u00eds europeo al que desaconseja ir) <strong>se enfrenta a una temporada bastante negra<\/strong>. Eso s\u00ed, sacamos el logo de \u00abEspa\u00f1a te espera\u00bb en todas las teles (como se sabe, los alemanes no ven m\u00e1s que televisiones espa\u00f1olas y todos entienden perfectamente el castellano) y asunto arreglado.<\/p>\n<p>Por supuesto, este asunto ha pasado bastante desapercibido ante las nuevas cortinas de humo del Gobierno: la \u00abnueva normalidad\u00bb (una ley vac\u00eda porque las competencias son de las comunidades aut\u00f3nomas), la ley de protecci\u00f3n a la infancia o, tach\u00e1n, tach\u00e1n, la vuelta de la Liga de f\u00fatbol. <strong>Ya que no hay pan, demos al pueblo circo<\/strong>.<\/p>\n<h4>EL DESCONTROL DE LOS ERTE<\/h4>\n<div class=\"read-more-links\">\n<h5>Noticia relacionada<\/h5>\n<p><a class=\"readMore\" href=\"https:\/\/www.bolsamania.com\/noticias\/economia\/desastre-sepe-erte-sin-cobrar-cuantias-erroneas-empresas-no-son--7530100.html\" rel=\"noopener noreferrer\" target=\"_blank\" data-id=\"7530100\" rel=\"nofollow\" ><\/p>\n<figure><img class=\"lazy\" title=\"Leer m&#xE1;s\" data-original=\"https:\/\/img4.s3wfg.com\/web\/img\/images_uploaded\/4\/a\/nueva_oficina_del_sepe_y_del_sae_en_bailen_285x185.jpg\" data-src=\"https:\/\/img4.s3wfg.com\/web\/img\/images_uploaded\/4\/a\/nueva_oficina_del_sepe_y_del_sae_en_bailen_285x185.jpg\" \/><\/figure>\n<p>El desastre del SEPE: ERTE sin cobrar, cuant\u00edas err\u00f3neas, empresas que no son&#8230; <\/a><\/div>\n<p>Por desgracia, el turismo no es lo \u00fanico en que el Ejecutivo tira piedras contra su propio tejado. <strong>Nuestras ayudas para reactivar la econom\u00eda palidecen ante las que han puesto en marcha nuestros vecinos<\/strong>, incluyendo la recapitalizaci\u00f3n de empresas o rebajas de impuestos (algo que aqu\u00ed ni se les pasa por la cabeza). En Espa\u00f1a seguimos sacando pecho de los m\u00faltiples subsidios para los parados -el \u00faltimo, el ingreso m\u00ednimo vital- en ve de tratar de que conserven o recuperen su empleo. Y dentro de estos subsidios, la estrella de esta crisis son los ERTE.<\/p>\n<p>Pero, \u00a1un momento! Resulta que los <a href=\"https:\/\/www.bolsamania.com\/noticias\/economia\/desastre-sepe-erte-sin-cobrar-cuantias-erroneas-empresas-no-son--7530100.html\" target=\"_blank\"  rel=\"nofollow\" ><strong>ERTE tampoco funcionan, sino que hay un descontrol total<\/strong><\/a>: gente que lleva tres meses sin cobrar -y empieza a haber situaciones desesperadas-, personas que cobran de menos o de m\u00e1s, otras que cobran de la empresa que no es&#8230; Hay que entender que los funcionarios del SEPE han trabajado en dos meses m\u00e1s que en dos a\u00f1os y que es inevitable que haya errores. Pero tambi\u00e9n lo es que esa falta de costumbre de trabajar que aqueja a la mayor\u00eda de la funci\u00f3n p\u00fablica tiene mucho que ver. Y encima, se <a href=\"https:\/\/www.bolsamania.com\/noticias\/economia\/amenaza-huelga-trabajadores-sepe-plena-desescalada-erte--7528272.html\" target=\"_blank\"  rel=\"nofollow\" ><strong>plantean hacer huelga<\/strong><\/a> porque a los de la Seguridad Social les pagan un bonus por gestionar el ingreso m\u00ednimo y a ellos no. Han dado marcha atr\u00e1s ante la p\u00e9sima imagen que iban a dar. Veremos qu\u00e9 pasa cuando reabran las oficinas el lunes.<\/p>\n<p>La \u00faltima es que el SEPE quiere que los <a href=\"https:\/\/www.bolsamania.com\/noticias\/economia\/la-aeb-quita-hierro-a-los-errores-del-sepe-lo-normal-es-hablarlo-y-solucionarlo--7538410.html\" target=\"_blank\"  rel=\"nofollow\" ><strong>bancos persigan a sus clientes para que devuelvan el dinero<\/strong><\/a> cuando han cobrado m\u00e1s de lo que les corresponde. Y ah\u00ed se han plantado: no han llegado a romper el acuerdo para adelantar las prestaciones a la espera de que <strong>Yolanda D\u00edaz<\/strong> las pague, pero le han dejado claro que es ella la que tiene que perseguir a la gente. Pero ya se sabe: si puedes conseguir que otro haga tu trabajo, para qu\u00e9 vas a hacerlo t\u00fa. Y si cuela, cuela.<\/p>\n<p>&#013;<br \/>\nSource: Bolsamania.com<\/p>\n","protected":false},"excerpt":{"rendered":"<p>Noticia relacionada Alemania prolonga hasta el 31 de agosto la recomendaci\u00f3n de no viajar a Espa\u00f1a Esta recomendaci\u00f3n deber\u00eda hacer&#8230;<\/p>\n","protected":false},"author":3,"featured_media":18610,"comment_status":"open","ping_status":"closed","sticky":false,"template":"","format":"standard","meta":[],"categories":[104],"tags":[99],"_links":{"self":[{"href":"https:\/\/tuavaluo.com\/avaluo\/wp-json\/wp\/v2\/posts\/18609"}],"collection":[{"href":"https:\/\/tuavaluo.com\/avaluo\/wp-json\/wp\/v2\/posts"}],"about":[{"href":"https:\/\/tuavaluo.com\/avaluo\/wp-json\/wp\/v2\/types\/post"}],"author":[{"embeddable":true,"href":"https:\/\/tuavaluo.com\/avaluo\/wp-json\/wp\/v2\/users\/3"}],"replies":[{"embeddable":true,"href":"https:\/\/tuavaluo.com\/avaluo\/wp-json\/wp\/v2\/comments?post=18609"}],"version-history":[{"count":0,"href":"https:\/\/tuavaluo.com\/avaluo\/wp-json\/wp\/v2\/posts\/18609\/revisions"}],"wp:featuredmedia":[{"embeddable":true,"href":"https:\/\/tuavaluo.com\/avaluo\/wp-json\/wp\/v2\/media\/18610"}],"wp:attachment":[{"href":"https:\/\/tuavaluo.com\/avaluo\/wp-json\/wp\/v2\/media?parent=18609"}],"wp:term":[{"taxonomy":"category","embeddable":true,"href":"https:\/\/tuavaluo.com\/avaluo\/wp-json\/wp\/v2\/categories?post=18609"},{"taxonomy":"post_tag","embeddable":true,"href":"https:\/\/tuavaluo.com\/avaluo\/wp-json\/wp\/v2\/tags?post=18609"}],"curies":[{"name":"wp","href":"https:\/\/api.w.org\/{rel}","templated":true}]}}