{"id":18682,"date":"2020-06-15T14:11:54","date_gmt":"2020-06-15T14:11:54","guid":{"rendered":"https:\/\/tuavaluo.com\/avaluo\/2020\/06\/15\/los-primeros-turistas-alemanes-llegan-a-baleares-por-el-corredor-turistico-seguro\/"},"modified":"2020-06-15T14:11:54","modified_gmt":"2020-06-15T14:11:54","slug":"los-primeros-turistas-alemanes-llegan-a-baleares-por-el-corredor-turistico-seguro","status":"publish","type":"post","link":"https:\/\/tuavaluo.com\/avaluo\/2020\/06\/15\/los-primeros-turistas-alemanes-llegan-a-baleares-por-el-corredor-turistico-seguro\/","title":{"rendered":"Los primeros turistas alemanes llegan a Baleares por el &#039;corredor tur\u00edstico seguro&#039;"},"content":{"rendered":"<div class=\"read-more-links\">\n<h5>Noticia relacionada<\/h5>\n<p><a class=\"readMore\" href=\"https:\/\/www.bolsamania.com\/noticias\/politica\/sanchez-rectifica-y-adelanta-al-21-de-junio-la-apertura-de-fronteras-con-la-ue--7540442.html\" rel=\"noopener noreferrer\" target=\"_blank\" data-id=\"7540442\" rel=\"nofollow\" ><\/p>\n<figure><img class=\"lazy\" title=\"Leer m&#xE1;s\" data-original=\"https:\/\/img5.s3wfg.com\/web\/img\/images_uploaded\/8\/a\/ep_el_presidente_del_gobierno_pedro_sanchez_durante_la_rueda_de_prensa_telematica_del_pasado_sabado_285x185.jpg\" data-src=\"https:\/\/img5.s3wfg.com\/web\/img\/images_uploaded\/8\/a\/ep_el_presidente_del_gobierno_pedro_sanchez_durante_la_rueda_de_prensa_telematica_del_pasado_sabado_285x185.jpg\" \/><\/figure>\n<p>S\u00e1nchez rectifica y adelanta al 21 de junio la apertura de fronteras con la UE <\/a><\/div>\n<p>Tanto el Estado de origen de los turistas como la Comunidad Aut\u00f3noma de Islas Baleares d<strong>eber\u00e1n tener una tasa de ataque de Covid-19 por cada 100.000 habitantes<\/strong> y en siete d\u00edas consecutivos inferior a nueve casos, garantizando con ello una situaci\u00f3n de equivalencia epidemiol\u00f3gica.<\/p>\n<p>De los 47 vuelos previstos, 38 son con destino a Palma de Mallorca, 8 a Ibiza y uno Mah\u00f3n (Menorca). Los aeropuertos de origen ser\u00e1n Francfort, Dusseldorf, Stuttgart, Hannover y Hamburgo.<\/p>\n<p>Las compa\u00f1\u00edas a\u00e9reas que vayan a operar en el corredor tur\u00edstico seguro y en los aeropuertos de origen y destino comunicar\u00e1n al Govern el cumplimiento de las recomendaciones EASA\/Centro Europeo para la Prevenci\u00f3n y Control de Enfermedades (ECDC).<\/p>\n<p>Tendr\u00e1n que presentar una declaraci\u00f3n indicando que forman parte del &#8216;Programa Voluntario de Monitorizaci\u00f3n de la Implementaci\u00f3n del Protocolo Operativo&#8217; de EASA o que tienen implantadas las recomendaciones de EASA, o que las van a tener implantadas partir del 15 de junio de 2020 o, en su caso, a partir del momento en que se vayan a efectuar los vuelos.<\/p>\n<p>Tras el primer corredor balear, el Gobierno central ha dicho que <strong>espera que le sigan m\u00e1s peticiones similares de otras comunidades aut\u00f3nomas.<\/strong><\/p>\n<p>&#013;<br \/>\nSource: Bolsamania.com<\/p>\n","protected":false},"excerpt":{"rendered":"<p>Noticia relacionada S\u00e1nchez rectifica y adelanta al 21 de junio la apertura de fronteras con la UE Tanto el Estado&#8230;<\/p>\n","protected":false},"author":3,"featured_media":18683,"comment_status":"open","ping_status":"closed","sticky":false,"template":"","format":"standard","meta":[],"categories":[104],"tags":[99],"_links":{"self":[{"href":"https:\/\/tuavaluo.com\/avaluo\/wp-json\/wp\/v2\/posts\/18682"}],"collection":[{"href":"https:\/\/tuavaluo.com\/avaluo\/wp-json\/wp\/v2\/posts"}],"about":[{"href":"https:\/\/tuavaluo.com\/avaluo\/wp-json\/wp\/v2\/types\/post"}],"author":[{"embeddable":true,"href":"https:\/\/tuavaluo.com\/avaluo\/wp-json\/wp\/v2\/users\/3"}],"replies":[{"embeddable":true,"href":"https:\/\/tuavaluo.com\/avaluo\/wp-json\/wp\/v2\/comments?post=18682"}],"version-history":[{"count":0,"href":"https:\/\/tuavaluo.com\/avaluo\/wp-json\/wp\/v2\/posts\/18682\/revisions"}],"wp:featuredmedia":[{"embeddable":true,"href":"https:\/\/tuavaluo.com\/avaluo\/wp-json\/wp\/v2\/media\/18683"}],"wp:attachment":[{"href":"https:\/\/tuavaluo.com\/avaluo\/wp-json\/wp\/v2\/media?parent=18682"}],"wp:term":[{"taxonomy":"category","embeddable":true,"href":"https:\/\/tuavaluo.com\/avaluo\/wp-json\/wp\/v2\/categories?post=18682"},{"taxonomy":"post_tag","embeddable":true,"href":"https:\/\/tuavaluo.com\/avaluo\/wp-json\/wp\/v2\/tags?post=18682"}],"curies":[{"name":"wp","href":"https:\/\/api.w.org\/{rel}","templated":true}]}}