{"id":18759,"date":"2020-06-16T12:38:58","date_gmt":"2020-06-16T12:38:58","guid":{"rendered":"https:\/\/tuavaluo.com\/avaluo\/2020\/06\/16\/bestinver-incorpora-a-jorge-fuentes-como-gestor-de-bolsa-internacional\/"},"modified":"2020-06-16T12:38:58","modified_gmt":"2020-06-16T12:38:58","slug":"bestinver-incorpora-a-jorge-fuentes-como-gestor-de-bolsa-internacional","status":"publish","type":"post","link":"https:\/\/tuavaluo.com\/avaluo\/2020\/06\/16\/bestinver-incorpora-a-jorge-fuentes-como-gestor-de-bolsa-internacional\/","title":{"rendered":"Bestinver incorpora a Jorge Fuentes como gestor de bolsa internacional"},"content":{"rendered":"<p>Anteriormente, fue responsable de Exane BNP en Espa\u00f1a y, desde el inicio de su carrera, ha trabajado en firmas de referencia como Kepler Cheuvreux o Ahorro Corporaci\u00f3n.<\/p>\n<p>\u201cSu capacidad t\u00e9cnica es excelente y su llegada complementa de manera extraordinaria al magn\u00edfico equipo de inversi\u00f3n de Bestinver\u00bb, se\u00f1ala Pint\u00f3, director de Renta Variable Internacional de Bestinver y quien tambi\u00e9n se ha incorporado recientemente a la gestora. Por su parte, Beltr\u00e1n de la Lastra, director de Inversiones de Bestinver -aunque <strong><a href=\"https:\/\/www.bolsamania.com\/fundsnews\/noticias\/gestoras\/beltran-lastra-abandona-bestinver-integracion-fidentiis--7367412.html\" rel=\"noopener noreferrer\" target=\"_blank\" rel=\"nofollow\" >en octubre abandonar\u00e1 la firma,<\/a><\/strong> como anunci\u00f3-, subraya que \u00abTom\u00e1s ha encontrado un complemento para su equipo de renta variable internacional y en Bestinver continuamos cumpliendo con nuestra vocaci\u00f3n de a\u00f1adir talento al equipo de inversi\u00f3n\u201d.<\/p>\n<p>Con la integraci\u00f3n de los fondos procedentes de Fidentiis, el patrimonio bajo gesti\u00f3n de la firma al cierre de 2019 era <strong>6.790 millones de euros,<\/strong> correspondientes a casi 52.000 clientes.<\/p>\n<p>&#013;<br \/>\nSource: Bolsamania.com<\/p>\n","protected":false},"excerpt":{"rendered":"<p>Anteriormente, fue responsable de Exane BNP en Espa\u00f1a y, desde el inicio de su carrera, ha trabajado en firmas de&#8230;<\/p>\n","protected":false},"author":3,"featured_media":0,"comment_status":"open","ping_status":"closed","sticky":false,"template":"","format":"standard","meta":[],"categories":[104],"tags":[99],"_links":{"self":[{"href":"https:\/\/tuavaluo.com\/avaluo\/wp-json\/wp\/v2\/posts\/18759"}],"collection":[{"href":"https:\/\/tuavaluo.com\/avaluo\/wp-json\/wp\/v2\/posts"}],"about":[{"href":"https:\/\/tuavaluo.com\/avaluo\/wp-json\/wp\/v2\/types\/post"}],"author":[{"embeddable":true,"href":"https:\/\/tuavaluo.com\/avaluo\/wp-json\/wp\/v2\/users\/3"}],"replies":[{"embeddable":true,"href":"https:\/\/tuavaluo.com\/avaluo\/wp-json\/wp\/v2\/comments?post=18759"}],"version-history":[{"count":0,"href":"https:\/\/tuavaluo.com\/avaluo\/wp-json\/wp\/v2\/posts\/18759\/revisions"}],"wp:attachment":[{"href":"https:\/\/tuavaluo.com\/avaluo\/wp-json\/wp\/v2\/media?parent=18759"}],"wp:term":[{"taxonomy":"category","embeddable":true,"href":"https:\/\/tuavaluo.com\/avaluo\/wp-json\/wp\/v2\/categories?post=18759"},{"taxonomy":"post_tag","embeddable":true,"href":"https:\/\/tuavaluo.com\/avaluo\/wp-json\/wp\/v2\/tags?post=18759"}],"curies":[{"name":"wp","href":"https:\/\/api.w.org\/{rel}","templated":true}]}}