{"id":18797,"date":"2020-06-17T08:16:41","date_gmt":"2020-06-17T08:16:41","guid":{"rendered":"https:\/\/tuavaluo.com\/avaluo\/2020\/06\/17\/los-funcionarios-de-la-administracion-podran-teletrabajar-cuatro-dias-a-la-semana\/"},"modified":"2020-06-17T08:16:41","modified_gmt":"2020-06-17T08:16:41","slug":"los-funcionarios-de-la-administracion-podran-teletrabajar-cuatro-dias-a-la-semana","status":"publish","type":"post","link":"https:\/\/tuavaluo.com\/avaluo\/2020\/06\/17\/los-funcionarios-de-la-administracion-podran-teletrabajar-cuatro-dias-a-la-semana\/","title":{"rendered":"Los funcionarios de la Administraci\u00f3n podr\u00e1n teletrabajar cuatro d\u00edas a la semana"},"content":{"rendered":"<div class=\"read-more-links\">\n<h5>Noticia relacionada<\/h5>\n<p><a class=\"readMore\" href=\"https:\/\/www.bolsamania.com\/noticias\/economia\/gobierno-regulara-teletrabajo-empresas-compensen-gastos--7533908.html\" rel=\"noopener noreferrer\" target=\"_blank\" data-id=\"7533908\" rel=\"nofollow\" ><\/p>\n<figure><img class=\"lazy\" title=\"Leer m&#xE1;s\" data-original=\"https:\/\/img4.s3wfg.com\/web\/img\/images_uploaded\/1\/9\/ep_la_ministra_de_treball_i_economia_social_yolanda_diaz_285x185.jpg\" data-src=\"https:\/\/img4.s3wfg.com\/web\/img\/images_uploaded\/1\/9\/ep_la_ministra_de_treball_i_economia_social_yolanda_diaz_285x185.jpg\" \/><\/figure>\n<p>El Gobierno regular\u00e1 el teletrabajo para que las empresas compensen por los gastos <\/a><\/div>\n<p>La resoluci\u00f3n, recoge <em>Europa Press<\/em>, entrar\u00e1 en vigor una vez se alcance la nueva normalidad, a partir del pr\u00f3ximo d\u00eda 21 de junio, cuando finalizar\u00e1 el estado de alarma, y durar\u00e1 hasta que se determine el fin de la crisis sanitaria provocada por el Covid-19, seg\u00fan ha informado el sindicato, que ha precisado que se trata de una <strong>modalidad \u00abvoluntaria y reversible\u00bb<\/strong>.<\/p>\n<p>CSIF ha destacado que se trata de un acuerdo \u00abpionero\u00bb en la organizaci\u00f3n del trabajo en Espa\u00f1a, as\u00ed como en la conciliaci\u00f3n de la vida familiar y laboral, que tendr\u00e1 su continuaci\u00f3n en la <a href=\"https:\/\/www.bolsamania.com\/noticias\/economia\/gobierno-regulara-teletrabajo-empresas-compensen-gastos--7533908.html\" rel=\"noopener noreferrer\" target=\"_blank\" rel=\"nofollow\" ><strong>futura regulaci\u00f3n del teletrabajo<\/strong><\/a>, que se empezar\u00e1 a negociar en julio con el equipo de la ministra de Pol\u00edtica Territorial y Funci\u00f3n P\u00fablica, Carolina Darias.<\/p>\n<p>En concreto, esta resoluci\u00f3n contempla cuatro d\u00edas de trabajo no presencial y uno presencial para aquellas personas que tengan a su cargo hijos hasta los 14 a\u00f1os, dependientes, as\u00ed como aquellos con patolog\u00edas consideradas de riesgo por el contacto con el coronavirus.<\/p>\n<p>Para el resto de personas, el sistema ordinario de trabajo ser\u00e1 la <strong>modalidad presencial con la posibilidad voluntaria de, como m\u00ednimo un d\u00eda a la semana, teletrabajo<\/strong>.<\/p>\n<p>CSIF ha valorado de manera \u00abmuy positiva\u00bb este acuerdo y considera que deber\u00eda ser la base para el futuro acuerdo de teletrabajo que deber\u00e1 regir las relaciones laborales una vez que concluya la pandemia.<\/p>\n<p>&#013;<br \/>\nSource: Bolsamania.com<\/p>\n","protected":false},"excerpt":{"rendered":"<p>Noticia relacionada El Gobierno regular\u00e1 el teletrabajo para que las empresas compensen por los gastos La resoluci\u00f3n, recoge Europa Press,&#8230;<\/p>\n","protected":false},"author":3,"featured_media":18798,"comment_status":"open","ping_status":"closed","sticky":false,"template":"","format":"standard","meta":[],"categories":[104],"tags":[99],"_links":{"self":[{"href":"https:\/\/tuavaluo.com\/avaluo\/wp-json\/wp\/v2\/posts\/18797"}],"collection":[{"href":"https:\/\/tuavaluo.com\/avaluo\/wp-json\/wp\/v2\/posts"}],"about":[{"href":"https:\/\/tuavaluo.com\/avaluo\/wp-json\/wp\/v2\/types\/post"}],"author":[{"embeddable":true,"href":"https:\/\/tuavaluo.com\/avaluo\/wp-json\/wp\/v2\/users\/3"}],"replies":[{"embeddable":true,"href":"https:\/\/tuavaluo.com\/avaluo\/wp-json\/wp\/v2\/comments?post=18797"}],"version-history":[{"count":0,"href":"https:\/\/tuavaluo.com\/avaluo\/wp-json\/wp\/v2\/posts\/18797\/revisions"}],"wp:featuredmedia":[{"embeddable":true,"href":"https:\/\/tuavaluo.com\/avaluo\/wp-json\/wp\/v2\/media\/18798"}],"wp:attachment":[{"href":"https:\/\/tuavaluo.com\/avaluo\/wp-json\/wp\/v2\/media?parent=18797"}],"wp:term":[{"taxonomy":"category","embeddable":true,"href":"https:\/\/tuavaluo.com\/avaluo\/wp-json\/wp\/v2\/categories?post=18797"},{"taxonomy":"post_tag","embeddable":true,"href":"https:\/\/tuavaluo.com\/avaluo\/wp-json\/wp\/v2\/tags?post=18797"}],"curies":[{"name":"wp","href":"https:\/\/api.w.org\/{rel}","templated":true}]}}