{"id":18835,"date":"2020-06-17T15:11:55","date_gmt":"2020-06-17T15:11:55","guid":{"rendered":"https:\/\/tuavaluo.com\/avaluo\/2020\/06\/17\/a-partido-unico-y-del-12-al-23-de-agosto-asi-sera-la-champions-league-este-ano\/"},"modified":"2020-06-17T15:11:55","modified_gmt":"2020-06-17T15:11:55","slug":"a-partido-unico-y-del-12-al-23-de-agosto-asi-sera-la-champions-league-este-ano","status":"publish","type":"post","link":"https:\/\/tuavaluo.com\/avaluo\/2020\/06\/17\/a-partido-unico-y-del-12-al-23-de-agosto-asi-sera-la-champions-league-este-ano\/","title":{"rendered":"A partido \u00fanico y del 12 al 23 de agosto: as\u00ed ser\u00e1 la Champions League este a\u00f1o"},"content":{"rendered":"<div class=\"read-more-links\">\n<h5>Noticia relacionada<\/h5>\n<p><a class=\"readMore\" href=\"https:\/\/www.bolsamania.com\/noticias\/deportes\/uefa-suspende-champions-europa-league-coronavirus--7382629.html\" rel=\"noopener noreferrer\" target=\"_blank\" data-id=\"7382629\" rel=\"nofollow\" ><\/p>\n<figure><img class=\"lazy\" title=\"Leer m&#xE1;s\" data-original=\"https:\/\/img3.s3wfg.com\/web\/img\/images_uploaded\/f\/8\/ep_sede_de_la_uefa_en_nyon_suiza_285x185.jpg\" data-src=\"https:\/\/img3.s3wfg.com\/web\/img\/images_uploaded\/f\/8\/ep_sede_de_la_uefa_en_nyon_suiza_285x185.jpg\" \/><\/figure>\n<p>La UEFA suspende la Champions y la Europa League por el coronavirus <\/a><\/div>\n<p>La final del 23 de agosto se disputar\u00e1 en el estadio lisboeta de Da Luz, <strong>escenario de aquella final madrile\u00f1a entre el Atl\u00e9tico y el Real Madrid hace ya seis a\u00f1os.<\/strong><\/p>\n<p>Las eliminatorias de octavos de final pendientes de disputar la vuelta, como es el caso de ese Manchester City-Real Madrid; Barcelona-N\u00e1poles; Bayern-Chelsea y Juventus-Olympique, se jugar\u00e1n en los estadios de los equipos citados en primer lugar entre el 7 y 8 de agosto.<\/p>\n<p>La Champions vuelve as\u00ed tres meses despu\u00e9s para dejar espacio al desenlace de la Serie A, que finalizar\u00e1 el pr\u00f3ximo 2 de agosto. En un primer momento, la sede elegida para la final era Estambul, pero<strong> la ciudad turca ha renunciado a serlo porque la pandemia obligar\u00eda a disputar all\u00ed el encuentro a puerta cerrada. <\/strong><\/p>\n<p>La Europa League tambi\u00e9n cambia de sede. Lejos queda la polaca Gdansk, y ahora la fase final se disputar\u00e1 en Alemania con el mismo formato de final a ocho de la Champions en Colonia del 10 al 21 de agosto. En primer lugar, se jugar\u00e1n las eliminatorias del Roma-Sevilla y del Inter-Getafe a partido \u00fanico, as\u00ed como la vuelta de las otras seis eliminatorias.<\/p>\n<p>&#013;<br \/>\nSource: Bolsamania.com<\/p>\n","protected":false},"excerpt":{"rendered":"<p>Noticia relacionada La UEFA suspende la Champions y la Europa League por el coronavirus La final del 23 de agosto&#8230;<\/p>\n","protected":false},"author":3,"featured_media":18836,"comment_status":"open","ping_status":"closed","sticky":false,"template":"","format":"standard","meta":[],"categories":[104],"tags":[99],"_links":{"self":[{"href":"https:\/\/tuavaluo.com\/avaluo\/wp-json\/wp\/v2\/posts\/18835"}],"collection":[{"href":"https:\/\/tuavaluo.com\/avaluo\/wp-json\/wp\/v2\/posts"}],"about":[{"href":"https:\/\/tuavaluo.com\/avaluo\/wp-json\/wp\/v2\/types\/post"}],"author":[{"embeddable":true,"href":"https:\/\/tuavaluo.com\/avaluo\/wp-json\/wp\/v2\/users\/3"}],"replies":[{"embeddable":true,"href":"https:\/\/tuavaluo.com\/avaluo\/wp-json\/wp\/v2\/comments?post=18835"}],"version-history":[{"count":0,"href":"https:\/\/tuavaluo.com\/avaluo\/wp-json\/wp\/v2\/posts\/18835\/revisions"}],"wp:featuredmedia":[{"embeddable":true,"href":"https:\/\/tuavaluo.com\/avaluo\/wp-json\/wp\/v2\/media\/18836"}],"wp:attachment":[{"href":"https:\/\/tuavaluo.com\/avaluo\/wp-json\/wp\/v2\/media?parent=18835"}],"wp:term":[{"taxonomy":"category","embeddable":true,"href":"https:\/\/tuavaluo.com\/avaluo\/wp-json\/wp\/v2\/categories?post=18835"},{"taxonomy":"post_tag","embeddable":true,"href":"https:\/\/tuavaluo.com\/avaluo\/wp-json\/wp\/v2\/tags?post=18835"}],"curies":[{"name":"wp","href":"https:\/\/api.w.org\/{rel}","templated":true}]}}