{"id":19060,"date":"2020-06-22T10:24:04","date_gmt":"2020-06-22T10:24:04","guid":{"rendered":"https:\/\/tuavaluo.com\/avaluo\/2020\/06\/22\/la-justicia-italiana-da-la-razon-a-mediaset-y-rechaza-la-apelacion-de-vivendi\/"},"modified":"2020-06-22T10:24:04","modified_gmt":"2020-06-22T10:24:04","slug":"la-justicia-italiana-da-la-razon-a-mediaset-y-rechaza-la-apelacion-de-vivendi","status":"publish","type":"post","link":"https:\/\/tuavaluo.com\/avaluo\/2020\/06\/22\/la-justicia-italiana-da-la-razon-a-mediaset-y-rechaza-la-apelacion-de-vivendi\/","title":{"rendered":"La justicia italiana da la raz\u00f3n a Mediaset y rechaza la apelaci\u00f3n de Vivendi"},"content":{"rendered":"<div class=\"read-more-links\">\n<h5>Noticia relacionada<\/h5>\n<p><a class=\"readMore\" href=\"https:\/\/www.bolsamania.com\/noticias\/empresas\/mediaset-cae-afrontar-medidas-cautelares-espana-tras-demanda-vivendi--7535026.html\" rel=\"noopener noreferrer\" target=\"_blank\" data-id=\"7535026\" rel=\"nofollow\" ><\/p>\n<figure><img class=\"lazy\" title=\"Leer m&#xE1;s\" data-original=\"https:\/\/img6.s3wfg.com\/web\/img\/images_uploaded\/4\/5\/ep_cartel_de_mediaset_espana_en_la_sede_de_telecinco_en_madrid_espana_a_5_de_marzo_de_2020_285x185.jpg\" data-src=\"https:\/\/img6.s3wfg.com\/web\/img\/images_uploaded\/4\/5\/ep_cartel_de_mediaset_espana_en_la_sede_de_telecinco_en_madrid_espana_a_5_de_marzo_de_2020_285x185.jpg\" \/><\/figure>\n<p>Mediaset cae al afrontar medidas cautelares en Espa\u00f1a tras la demanda de Vivendi <\/a><\/div>\n<p>La intenci\u00f3n de Vivendi era congelar la operaci\u00f3n de fusi\u00f3n hasta dispones de un fallo favorable del Tribunal de Justic\u00eda de la Uni\u00f3n Europea (<strong>TJUE<\/strong>).<\/p>\n<p>El juzgado milan\u00e9s da as\u00ed al traste con las aspiraciones de la compa\u00f1\u00eda gala. Su sentencia, en primera instancia, alertaba de que la suspensi\u00f3n de la fusi\u00f3n tendr\u00eda da\u00f1os calculables y compensables para Vivendi pero para Mediaset el da\u00f1o ser\u00eda \u00ab<strong>irreparable<\/strong>\u00ab.<\/p>\n<p>El Tribunal subraya adem\u00e1s que Vivendi ha actuado como competidor de Mediaset, por lo que \u00abde ello se deduce que puede buscar estrategias para limitar su actividad\u00bb. El &#8216;no&#8217; de Mil\u00e1n llega meses despu\u00e9s de que el Tribunal de \u00c1msterdam, el 26 de febrero, desestimara tambi\u00e9n la petici\u00f3n de la francesa.<\/p>\n<p><strong>A Vivendi siempre le quedar\u00e1 Espa\u00f1a.<\/strong> El juzgado de lo Mercantil n\u00famero 2 de Madrid es ahora mismo su gran oportunidad. Recientemente, el tribunal ha indicado que la vista se celebrar\u00e1 el pr\u00f3ximo 1 de julio (en vez del 22 de julio previsto en un primer momento) para decidir la impugnaci\u00f3n de la fusi\u00f3n.<\/p>\n<p>&#013;<br \/>\nSource: Bolsamania.com<\/p>\n","protected":false},"excerpt":{"rendered":"<p>Noticia relacionada Mediaset cae al afrontar medidas cautelares en Espa\u00f1a tras la demanda de Vivendi La intenci\u00f3n de Vivendi era&#8230;<\/p>\n","protected":false},"author":3,"featured_media":19061,"comment_status":"open","ping_status":"closed","sticky":false,"template":"","format":"standard","meta":[],"categories":[104],"tags":[99],"_links":{"self":[{"href":"https:\/\/tuavaluo.com\/avaluo\/wp-json\/wp\/v2\/posts\/19060"}],"collection":[{"href":"https:\/\/tuavaluo.com\/avaluo\/wp-json\/wp\/v2\/posts"}],"about":[{"href":"https:\/\/tuavaluo.com\/avaluo\/wp-json\/wp\/v2\/types\/post"}],"author":[{"embeddable":true,"href":"https:\/\/tuavaluo.com\/avaluo\/wp-json\/wp\/v2\/users\/3"}],"replies":[{"embeddable":true,"href":"https:\/\/tuavaluo.com\/avaluo\/wp-json\/wp\/v2\/comments?post=19060"}],"version-history":[{"count":0,"href":"https:\/\/tuavaluo.com\/avaluo\/wp-json\/wp\/v2\/posts\/19060\/revisions"}],"wp:featuredmedia":[{"embeddable":true,"href":"https:\/\/tuavaluo.com\/avaluo\/wp-json\/wp\/v2\/media\/19061"}],"wp:attachment":[{"href":"https:\/\/tuavaluo.com\/avaluo\/wp-json\/wp\/v2\/media?parent=19060"}],"wp:term":[{"taxonomy":"category","embeddable":true,"href":"https:\/\/tuavaluo.com\/avaluo\/wp-json\/wp\/v2\/categories?post=19060"},{"taxonomy":"post_tag","embeddable":true,"href":"https:\/\/tuavaluo.com\/avaluo\/wp-json\/wp\/v2\/tags?post=19060"}],"curies":[{"name":"wp","href":"https:\/\/api.w.org\/{rel}","templated":true}]}}