{"id":19076,"date":"2020-06-22T12:11:55","date_gmt":"2020-06-22T12:11:55","guid":{"rendered":"https:\/\/tuavaluo.com\/avaluo\/2020\/06\/22\/sacyr-pone-en-servicio-el-segundo-tramo-de-la-autopista-pedemontana-veneta-italia\/"},"modified":"2020-06-22T12:11:55","modified_gmt":"2020-06-22T12:11:55","slug":"sacyr-pone-en-servicio-el-segundo-tramo-de-la-autopista-pedemontana-veneta-italia","status":"publish","type":"post","link":"https:\/\/tuavaluo.com\/avaluo\/2020\/06\/22\/sacyr-pone-en-servicio-el-segundo-tramo-de-la-autopista-pedemontana-veneta-italia\/","title":{"rendered":"Sacyr pone en servicio el segundo tramo de la autopista Pedemontana-Veneta (Italia)"},"content":{"rendered":"<p>Con la apertura de este segundo tramo, ya se han puesto en funcionamiento 12 kil\u00f3metros del eje principal. Malo-Valdastico da continuidad al tramo que se abri\u00f3 en 2019 entre Breganze y la interconexi\u00f3n con la A31.<\/p>\n<p>La sociedad concesionaria, Superstrada Pedemontana Veneta, realiza el dise\u00f1o, construcci\u00f3n, financiaci\u00f3n, operaci\u00f3n y mantenimiento de la autopista de peaje durante un <strong>periodo de 39 a\u00f1os desde la finalizaci\u00f3n de la construcci\u00f3n<\/strong>. El grado de avance sobre el total de la inversi\u00f3n prevista es del 78%.<\/p>\n<p>El proyecto requiere la construcci\u00f3n de 162 km: 94 km corresponden a<strong> la v\u00eda principal que comunicar\u00e1 34 municipios<\/strong> y el \u00e1rea industrial de Vicenza y Treviso; y 68 km, a accesos secundarios. Esta v\u00eda contar\u00e1 con dos t\u00faneles: T\u00fanel de Malo (6 km) y T\u00fanel de S. Urbano (1,5 km) y ocho viaductos.<\/p>\n<p>El tr\u00e1fico inicialmente estimado para toda la autopista es de <strong>27.000 veh\u00edculos diarios<\/strong>, de los que el 20% se prev\u00e9 que sea tr\u00e1fico pesado.<\/p>\n<p>La financiaci\u00f3n para la construcci\u00f3n de la autopista se realiz\u00f3 a trav\u00e9s de la <strong>mayor emisi\u00f3n de bonos en Europa<\/strong> de un proyecto &#8216;greenfield&#8217; por valor de 1.571 millones de euros.<\/p>\n<\/p>\n<p>&#013;<br \/>\nSource: Bolsamania.com<\/p>\n","protected":false},"excerpt":{"rendered":"<p>Con la apertura de este segundo tramo, ya se han puesto en funcionamiento 12 kil\u00f3metros del eje principal. Malo-Valdastico da&#8230;<\/p>\n","protected":false},"author":3,"featured_media":0,"comment_status":"open","ping_status":"closed","sticky":false,"template":"","format":"standard","meta":[],"categories":[104],"tags":[99],"_links":{"self":[{"href":"https:\/\/tuavaluo.com\/avaluo\/wp-json\/wp\/v2\/posts\/19076"}],"collection":[{"href":"https:\/\/tuavaluo.com\/avaluo\/wp-json\/wp\/v2\/posts"}],"about":[{"href":"https:\/\/tuavaluo.com\/avaluo\/wp-json\/wp\/v2\/types\/post"}],"author":[{"embeddable":true,"href":"https:\/\/tuavaluo.com\/avaluo\/wp-json\/wp\/v2\/users\/3"}],"replies":[{"embeddable":true,"href":"https:\/\/tuavaluo.com\/avaluo\/wp-json\/wp\/v2\/comments?post=19076"}],"version-history":[{"count":0,"href":"https:\/\/tuavaluo.com\/avaluo\/wp-json\/wp\/v2\/posts\/19076\/revisions"}],"wp:attachment":[{"href":"https:\/\/tuavaluo.com\/avaluo\/wp-json\/wp\/v2\/media?parent=19076"}],"wp:term":[{"taxonomy":"category","embeddable":true,"href":"https:\/\/tuavaluo.com\/avaluo\/wp-json\/wp\/v2\/categories?post=19076"},{"taxonomy":"post_tag","embeddable":true,"href":"https:\/\/tuavaluo.com\/avaluo\/wp-json\/wp\/v2\/tags?post=19076"}],"curies":[{"name":"wp","href":"https:\/\/api.w.org\/{rel}","templated":true}]}}