{"id":19193,"date":"2020-06-24T07:24:03","date_gmt":"2020-06-24T07:24:03","guid":{"rendered":"https:\/\/tuavaluo.com\/avaluo\/2020\/06\/24\/amadeus-esta-preparada-para-el-peor-de-los-escenarios-segun-renta-4\/"},"modified":"2020-06-24T07:24:03","modified_gmt":"2020-06-24T07:24:03","slug":"amadeus-esta-preparada-para-el-peor-de-los-escenarios-segun-renta-4","status":"publish","type":"post","link":"https:\/\/tuavaluo.com\/avaluo\/2020\/06\/24\/amadeus-esta-preparada-para-el-peor-de-los-escenarios-segun-renta-4\/","title":{"rendered":"Amadeus est\u00e1 &quot;preparada para el peor de los escenarios&quot;, seg\u00fan Renta 4"},"content":{"rendered":"<div class=\"read-more-links\">\n<h5>Noticia relacionada<\/h5>\n<p><a class=\"readMore\" href=\"https:\/\/www.bolsamania.com\/noticias\/analisis-tecnico\/amadeus-esta-tratando-construir-algun-tipo-figura-vuelta--7513213.html\" rel=\"noopener noreferrer\" target=\"_blank\" data-id=\"7513213\" rel=\"nofollow\" ><\/p>\n<figure><img class=\"lazy\" title=\"Leer m&#xE1;s\" data-original=\"https:\/\/img5.s3wfg.com\/web\/img\/images_uploaded\/6\/7\/ep_amadeus_anuncia_una_alianza_mundial_con_adobe.jpg\" data-src=\"https:\/\/img5.s3wfg.com\/web\/img\/images_uploaded\/6\/7\/ep_amadeus_anuncia_una_alianza_mundial_con_adobe.jpg\" \/><\/figure>\n<p>Amadeus est\u00e1 tratando de construir alg\u00fan tipo de figura de vuelta <\/a><\/div>\n<p>\u00abAmadeus est\u00e1 preparada para el peor de los escenarios\u00bb, aseguran los analistas de Renta 4 en su \u00faltimo informe. La privilegiada posici\u00f3n competitiva de Amadeus, l\u00edder mundial del sector, y su favorable situaci\u00f3n financiera \u00ab<strong>deber\u00edan permitirle soportar las dif\u00edciles condiciones del mercado y salir reforzada\u00bb,<\/strong> asevera.<\/p>\n<p>Respecto al tr\u00e1fico a\u00e9reo, Renta 4 pospone la recuperaci\u00f3n a 2023: \u00abEsperamos que el sector a\u00e9reo no recupere los niveles de demanda de 2019 hasta 2023 (en l\u00ednea con IATA) y que la ca\u00edda en 2020e alcance el 58%\u00bb.<\/p>\n<p>Volviendo a Amadeus, la entidad apunta que \u00ab<strong>ha tomado medidas contundentes para reforzar el capital y liquidez en los \u00faltimos meses y creemos que est\u00e1 preparada para soportar las peores condiciones del mercado\u00bb.<\/strong> Adem\u00e1s, auguran que \u00abel impacto en deuda neta tampoco deber\u00eda ser muy significativo\u00bb.<\/p>\n<p>&#013;<br \/>\nSource: Bolsamania.com<\/p>\n","protected":false},"excerpt":{"rendered":"<p>Noticia relacionada Amadeus est\u00e1 tratando de construir alg\u00fan tipo de figura de vuelta \u00abAmadeus est\u00e1 preparada para el peor de&#8230;<\/p>\n","protected":false},"author":3,"featured_media":19194,"comment_status":"open","ping_status":"closed","sticky":false,"template":"","format":"standard","meta":[],"categories":[104],"tags":[99],"_links":{"self":[{"href":"https:\/\/tuavaluo.com\/avaluo\/wp-json\/wp\/v2\/posts\/19193"}],"collection":[{"href":"https:\/\/tuavaluo.com\/avaluo\/wp-json\/wp\/v2\/posts"}],"about":[{"href":"https:\/\/tuavaluo.com\/avaluo\/wp-json\/wp\/v2\/types\/post"}],"author":[{"embeddable":true,"href":"https:\/\/tuavaluo.com\/avaluo\/wp-json\/wp\/v2\/users\/3"}],"replies":[{"embeddable":true,"href":"https:\/\/tuavaluo.com\/avaluo\/wp-json\/wp\/v2\/comments?post=19193"}],"version-history":[{"count":0,"href":"https:\/\/tuavaluo.com\/avaluo\/wp-json\/wp\/v2\/posts\/19193\/revisions"}],"wp:featuredmedia":[{"embeddable":true,"href":"https:\/\/tuavaluo.com\/avaluo\/wp-json\/wp\/v2\/media\/19194"}],"wp:attachment":[{"href":"https:\/\/tuavaluo.com\/avaluo\/wp-json\/wp\/v2\/media?parent=19193"}],"wp:term":[{"taxonomy":"category","embeddable":true,"href":"https:\/\/tuavaluo.com\/avaluo\/wp-json\/wp\/v2\/categories?post=19193"},{"taxonomy":"post_tag","embeddable":true,"href":"https:\/\/tuavaluo.com\/avaluo\/wp-json\/wp\/v2\/tags?post=19193"}],"curies":[{"name":"wp","href":"https:\/\/api.w.org\/{rel}","templated":true}]}}