{"id":19365,"date":"2020-06-26T11:18:40","date_gmt":"2020-06-26T11:18:40","guid":{"rendered":"https:\/\/tuavaluo.com\/avaluo\/2020\/06\/26\/ingreso-minimo-vital-el-gobierno-abona-32-millones-de-euros-a-casi-75-000-familias\/"},"modified":"2020-06-26T11:18:40","modified_gmt":"2020-06-26T11:18:40","slug":"ingreso-minimo-vital-el-gobierno-abona-32-millones-de-euros-a-casi-75-000-familias","status":"publish","type":"post","link":"https:\/\/tuavaluo.com\/avaluo\/2020\/06\/26\/ingreso-minimo-vital-el-gobierno-abona-32-millones-de-euros-a-casi-75-000-familias\/","title":{"rendered":"Ingreso M\u00ednimo Vital: el Gobierno abona 32 millones de euros a casi 75.000 familias"},"content":{"rendered":"<div class=\"read-more-links\">\n<h5>Noticia relacionada<\/h5>\n<p><a class=\"readMore\" href=\"https:\/\/www.bolsamania.com\/noticias\/finanzas-personales\/guia-definitiva-ingreso-minimo-vital-requisitos-cuanto-como-cobra--7523546.html\" rel=\"noopener noreferrer\" target=\"_blank\" data-id=\"7523546\" rel=\"nofollow\" ><\/p>\n<figure><img class=\"lazy\" title=\"Leer m&#xE1;s\" data-original=\"https:\/\/img2.s3wfg.com\/web\/img\/images_uploaded\/a\/a\/ep_el_vicepresidente_tercero_del_gobierno_pablo_iglesias_en_el_congreso_285x185.jpg\" data-src=\"https:\/\/img2.s3wfg.com\/web\/img\/images_uploaded\/a\/a\/ep_el_vicepresidente_tercero_del_gobierno_pablo_iglesias_en_el_congreso_285x185.jpg\" \/><\/figure>\n<p>Gu\u00eda definitiva del ingreso m\u00ednimo vital: requisitos, cu\u00e1nto es, c\u00f3mo se cobra&#8230; <\/a><\/div>\n<p>En total, 251.346 personas se beneficiar\u00e1n de este primer pago. M\u00e1s de la mitad (136.743) son menores de edad. Seg\u00fan explicaron desde el Ministerio de Inclusi\u00f3n, Seguridad Social y Migraciones, estos primeros hogares beneficiarios han sido <strong>reconocidos de oficio<\/strong> a partir de los datos facilitados para percibir la prestaci\u00f3n por hijo a cargo.<\/p>\n<p><strong>La cuant\u00eda media por familia supera los 430 euros al mes<\/strong>, indicaron desde el ministerio. Desde el 15 de junio, fecha en que <a href=\"https:\/\/www.bolsamania.com\/noticias\/politica\/el-ingreso-minimo-vital-se-podra-solicitar-desde-este-lunes--7540707.html\" rel=\"noopener noreferrer\" target=\"_blank\" rel=\"nofollow\" ><strong>arranc\u00f3 el plazo para reclamar la nueva prestaci\u00f3n<\/strong><\/a>, se han registrado 344.585 solicitudes, la mayor\u00eda por v\u00eda telem\u00e1tica. Las oficinas de la Seguridad Social abrieron al p\u00fablico este jueves, con lo que apenas han tramitado este tipo de demandas.<\/p>\n<p>Sin embargo, los hogares reconocidos de oficio ni siquiera han tenido que pedir el IMV, puesto que el Instituto Nacional de la Seguridad Social (INSS) dispon\u00eda ya de datos suficientes como para realizar las comprobaciones pertinentes. De hecho, se les avis\u00f3 por SMS y carta para que no iniciaran los tr\u00e1mites.<\/p>\n<p>El resto de hogares que recib\u00edan la prestaci\u00f3n por hijo a cargo sin discapacidad o con discapacidad menor al 33% que no hayan recibido hoy esta ayuda y que puedan ser beneficiarios, deber\u00e1n solicitarla por el proceso ordinario. El INSS no dispon\u00eda de informaci\u00f3n suficiente para hacer la reconversi\u00f3n \u00abde oficio\u00bb, pero ello no significa que no tengan derecho a la nueva ayuda. En el caso de la prestaci\u00f3n por hijo a cargo con una discapacidad del 33% o superior, se podr\u00e1n <strong>compatibilizar ambas ayudas<\/strong>.<\/p>\n<p>Por provincias, Madrid es la que cuenta con m\u00e1s hogares reconocidos de oficio, con 7.301. Le siguen Sevilla (6.448), C\u00e1diz (4.665), Valencia (4.340) y Barcelona (4.075).<\/p>\n<p>&#013;<br \/>\nSource: Bolsamania.com<\/p>\n","protected":false},"excerpt":{"rendered":"<p>Noticia relacionada Gu\u00eda definitiva del ingreso m\u00ednimo vital: requisitos, cu\u00e1nto es, c\u00f3mo se cobra&#8230; En total, 251.346 personas se beneficiar\u00e1n&#8230;<\/p>\n","protected":false},"author":3,"featured_media":0,"comment_status":"open","ping_status":"closed","sticky":false,"template":"","format":"standard","meta":[],"categories":[104],"tags":[99],"_links":{"self":[{"href":"https:\/\/tuavaluo.com\/avaluo\/wp-json\/wp\/v2\/posts\/19365"}],"collection":[{"href":"https:\/\/tuavaluo.com\/avaluo\/wp-json\/wp\/v2\/posts"}],"about":[{"href":"https:\/\/tuavaluo.com\/avaluo\/wp-json\/wp\/v2\/types\/post"}],"author":[{"embeddable":true,"href":"https:\/\/tuavaluo.com\/avaluo\/wp-json\/wp\/v2\/users\/3"}],"replies":[{"embeddable":true,"href":"https:\/\/tuavaluo.com\/avaluo\/wp-json\/wp\/v2\/comments?post=19365"}],"version-history":[{"count":0,"href":"https:\/\/tuavaluo.com\/avaluo\/wp-json\/wp\/v2\/posts\/19365\/revisions"}],"wp:attachment":[{"href":"https:\/\/tuavaluo.com\/avaluo\/wp-json\/wp\/v2\/media?parent=19365"}],"wp:term":[{"taxonomy":"category","embeddable":true,"href":"https:\/\/tuavaluo.com\/avaluo\/wp-json\/wp\/v2\/categories?post=19365"},{"taxonomy":"post_tag","embeddable":true,"href":"https:\/\/tuavaluo.com\/avaluo\/wp-json\/wp\/v2\/tags?post=19365"}],"curies":[{"name":"wp","href":"https:\/\/api.w.org\/{rel}","templated":true}]}}