{"id":19658,"date":"2020-06-29T04:00:00","date_gmt":"2020-06-29T04:00:00","guid":{"rendered":"https:\/\/tuavaluo.com\/avaluo\/2020\/06\/29\/la-construccion-rememora-sus-males-con-el-covid-un-11-del-sector-esta-cerca-de-quebrar\/"},"modified":"2020-06-29T04:00:00","modified_gmt":"2020-06-29T04:00:00","slug":"la-construccion-rememora-sus-males-con-el-covid-un-11-del-sector-esta-cerca-de-quebrar","status":"publish","type":"post","link":"https:\/\/tuavaluo.com\/avaluo\/2020\/06\/29\/la-construccion-rememora-sus-males-con-el-covid-un-11-del-sector-esta-cerca-de-quebrar\/","title":{"rendered":"La construcci\u00f3n rememora sus males con el Covid: un 11% del sector est\u00e1 cerca de quebrar"},"content":{"rendered":"<p>\u00abEl sector de la construcci\u00f3n est\u00e1 pasando por problemas financieros derivados del par\u00f3n de la econom\u00eda y de la reducci\u00f3n de la cartera de pedidos\u00bb, apunta el <strong>director de Operaciones de Pouey International, Pierre Lemarquier<\/strong>. En su opini\u00f3n, \u00abpermitir que las empresas que se encontraban realizando obras quiebren, implica altos costes para reanudar las obras y mayores retrasos en su culminaci\u00f3n\u00bb.<\/p>\n<div class=\"read-more-links\">\n<h5>Noticia relacionada<\/h5>\n<p><a class=\"readMore\" href=\"https:\/\/www.bolsamania.com\/noticias\/empresas\/constructoras-consenso-politico-inversion-infraestructuras--7545317.html\" rel=\"noopener noreferrer\" target=\"_blank\" data-id=\"7545317\" rel=\"nofollow\" ><\/p>\n<figure><img class=\"lazy\" title=\"Leer m&#xE1;s\" data-original=\"https:\/\/img2.s3wfg.com\/web\/img\/images_uploaded\/4\/f\/cumbre-ceoe-constructoras-garamendi-buena.jpg\" data-src=\"https:\/\/img2.s3wfg.com\/web\/img\/images_uploaded\/4\/f\/cumbre-ceoe-constructoras-garamendi-buena.jpg\" \/><\/figure>\n<p>Las constructoras claman consenso pol\u00edtico para invertir en infraestructuras <\/a><\/div>\n<p>Ya existen algunos ejemplos al respecto. De hecho, <strong>68 constructoras fueron liquidadas en abril<\/strong>, de acuerdo con las cifras que aporta el Instituto Nacional de Estad\u00edstica (INE). Se trata del 17% de todas las empresas que cesaron su actividad durante ese mes, lo que sit\u00faa a la construcci\u00f3n como el segundo sector m\u00e1s afectado, solo por detr\u00e1s del comercio donde 80 compa\u00f1\u00edas echaron el cierre definitivamente.<\/p>\n<p>Y la incertidumbre se mantiene en mayo, acrecentando incluso los niveles de pesimismo. Como se observa en el <strong>Indicador de Clima de la Construcci\u00f3n (ICC)<\/strong>, la confianza en el sector se sit\u00fao en -39,4 puntos, es decir, 8,3 puntos menos que en abril. Por subsectores, en la construcci\u00f3n de edificios baj\u00f3 hasta los -47,3 puntos, mientras que en las actividades especializadas se situ\u00f3 en -41,5 puntos) y en la obra civil descendi\u00f3 hasta -29,9 puntos.<\/p>\n<p>No obstante, esta crisis no ser\u00e1 tan catastr\u00f3fica como la de 2008. Durante el estado de alarman, <strong>el profesor del IEB, Javier Santacruz<\/strong>, explicaba a &#8216;Bolsaman\u00eda&#8217; que es muy dif\u00edcil que se repita la misma situaci\u00f3n que hace una d\u00e9cada porque \u00abse ha restringido la concesi\u00f3n de cr\u00e9dito hipotecario, sobre todo el cr\u00e9dito promotor, y el endeudamiento de las constructoras\u00bb.<\/p>\n<h4>EL SECTOR PIDE CONSENSO POL\u00cdTICO<\/h4>\n<p>Con estos datos sobre la mesa, el sector pide a Gobierno y oposici\u00f3n que <strong><a href=\"https:\/\/www.bolsamania.com\/noticias\/empresas\/constructoras-consenso-politico-inversion-infraestructuras--7545317.html\" rel=\"noopener noreferrer\" target=\"_blank\" rel=\"nofollow\" >alcancen un consenso pol\u00edtico<\/a><\/strong> para desarrollar un plan de reestructuraci\u00f3n y aprobar unos presupuestos que impulsen la inversi\u00f3n en infraestructuras. \u00abSolo saldremos de esta con una inversi\u00f3n masiva en infraestructuras\u00bb, apuntaba el presidente de la Confederaci\u00f3n Nacional de Construcci\u00f3n (CNC), Juan Lazcano, durante la cumbre empresarial celebrada por la CEOE.<\/p>\n<p>Tambi\u00e9n hizo un llamamiento a las instituciones p\u00fablicas para recuperar la colaboraci\u00f3n p\u00fablico-privada en la financiaci\u00f3n de los proyectos de construcci\u00f3n. \u00abNo podemos seguir rehuyendo el debate sobre la necesidad de reducir la carga que los ciudadanos soportan para financiar sus infraestructuras\u00bb, defend\u00eda Lazcano. Y en la misma linea se pronunciaba el <strong>presidente de Sacyr, Manuel Manrique<\/strong>, al se\u00f1alar que \u00abla colaboraci\u00f3n p\u00fablico-privada va a ser el motor de la reconstrucci\u00f3n\u00bb.<\/p>\n<p>&#013;<br \/>\nSource: Bolsamania.com<\/p>\n","protected":false},"excerpt":{"rendered":"<p>\u00abEl sector de la construcci\u00f3n est\u00e1 pasando por problemas financieros derivados del par\u00f3n de la econom\u00eda y de la reducci\u00f3n&#8230;<\/p>\n","protected":false},"author":3,"featured_media":19659,"comment_status":"open","ping_status":"closed","sticky":false,"template":"","format":"standard","meta":[],"categories":[104],"tags":[99],"_links":{"self":[{"href":"https:\/\/tuavaluo.com\/avaluo\/wp-json\/wp\/v2\/posts\/19658"}],"collection":[{"href":"https:\/\/tuavaluo.com\/avaluo\/wp-json\/wp\/v2\/posts"}],"about":[{"href":"https:\/\/tuavaluo.com\/avaluo\/wp-json\/wp\/v2\/types\/post"}],"author":[{"embeddable":true,"href":"https:\/\/tuavaluo.com\/avaluo\/wp-json\/wp\/v2\/users\/3"}],"replies":[{"embeddable":true,"href":"https:\/\/tuavaluo.com\/avaluo\/wp-json\/wp\/v2\/comments?post=19658"}],"version-history":[{"count":0,"href":"https:\/\/tuavaluo.com\/avaluo\/wp-json\/wp\/v2\/posts\/19658\/revisions"}],"wp:featuredmedia":[{"embeddable":true,"href":"https:\/\/tuavaluo.com\/avaluo\/wp-json\/wp\/v2\/media\/19659"}],"wp:attachment":[{"href":"https:\/\/tuavaluo.com\/avaluo\/wp-json\/wp\/v2\/media?parent=19658"}],"wp:term":[{"taxonomy":"category","embeddable":true,"href":"https:\/\/tuavaluo.com\/avaluo\/wp-json\/wp\/v2\/categories?post=19658"},{"taxonomy":"post_tag","embeddable":true,"href":"https:\/\/tuavaluo.com\/avaluo\/wp-json\/wp\/v2\/tags?post=19658"}],"curies":[{"name":"wp","href":"https:\/\/api.w.org\/{rel}","templated":true}]}}