{"id":19793,"date":"2020-06-30T12:37:36","date_gmt":"2020-06-30T12:37:36","guid":{"rendered":"https:\/\/tuavaluo.com\/avaluo\/2020\/06\/30\/montero-quita-hierro-al-retraso-del-plan-renove-se-aprobara-en-esta-quincena-de-julio\/"},"modified":"2020-06-30T12:37:36","modified_gmt":"2020-06-30T12:37:36","slug":"montero-quita-hierro-al-retraso-del-plan-renove-se-aprobara-en-esta-quincena-de-julio","status":"publish","type":"post","link":"https:\/\/tuavaluo.com\/avaluo\/2020\/06\/30\/montero-quita-hierro-al-retraso-del-plan-renove-se-aprobara-en-esta-quincena-de-julio\/","title":{"rendered":"Montero quita hierro al retraso del Plan Renove: se aprobar\u00e1 en esta quincena de julio"},"content":{"rendered":"<p>Seg\u00fan detall\u00f3 en la rueda de prensa posterior al Consejo de Ministros <strong>\u00abno ha habido ning\u00fan problema\u00bb que haya interferido en su aprobaci\u00f3n este martes<\/strong> como esperaba la industria, insinuando que son temas de agenda del propio Consejo donde \u00abmuchas veces se adelantan o se anticipan cuestiones cuando todav\u00eda el orden del d\u00eda no est\u00e1 cerrado\u00bb.<\/p>\n<p>\u00abSe aprobar\u00e1 en el pr\u00f3ximo o en los pr\u00f3ximos consejos de ministros y no hay ninguna raz\u00f3n que no tenga que ver con el orden del d\u00eda\u00bb, insisti\u00f3 subrayando que <strong>el programa \u00abest\u00e1 presentado\u00bb, \u00ablo sabe la industria\u00bb<\/strong> y hasta se est\u00e1 dando difusi\u00f3n \u00abpara que los consumidores tambi\u00e9n conozcan que van a tener herramientas para la renovaci\u00f3n del parque automovil\u00edstico a la mayor brevedad\u00bb.<\/p>\n<p>Con una dotaci\u00f3n de <strong>250 millones de euros<\/strong>, el Plan Renove busca incentivar la compra de veh\u00edculos nuevos o de kil\u00f3metro cero con todo tipo de tecnolog\u00edas, al ser su prop\u00f3sito contar con veh\u00edculos menos contaminantes en las ciudades y carreteras.<\/p>\n<p>&#013;<br \/>\nSource: Bolsamania.com<\/p>\n","protected":false},"excerpt":{"rendered":"<p>Seg\u00fan detall\u00f3 en la rueda de prensa posterior al Consejo de Ministros \u00abno ha habido ning\u00fan problema\u00bb que haya interferido&#8230;<\/p>\n","protected":false},"author":3,"featured_media":0,"comment_status":"open","ping_status":"closed","sticky":false,"template":"","format":"standard","meta":[],"categories":[104],"tags":[99],"_links":{"self":[{"href":"https:\/\/tuavaluo.com\/avaluo\/wp-json\/wp\/v2\/posts\/19793"}],"collection":[{"href":"https:\/\/tuavaluo.com\/avaluo\/wp-json\/wp\/v2\/posts"}],"about":[{"href":"https:\/\/tuavaluo.com\/avaluo\/wp-json\/wp\/v2\/types\/post"}],"author":[{"embeddable":true,"href":"https:\/\/tuavaluo.com\/avaluo\/wp-json\/wp\/v2\/users\/3"}],"replies":[{"embeddable":true,"href":"https:\/\/tuavaluo.com\/avaluo\/wp-json\/wp\/v2\/comments?post=19793"}],"version-history":[{"count":0,"href":"https:\/\/tuavaluo.com\/avaluo\/wp-json\/wp\/v2\/posts\/19793\/revisions"}],"wp:attachment":[{"href":"https:\/\/tuavaluo.com\/avaluo\/wp-json\/wp\/v2\/media?parent=19793"}],"wp:term":[{"taxonomy":"category","embeddable":true,"href":"https:\/\/tuavaluo.com\/avaluo\/wp-json\/wp\/v2\/categories?post=19793"},{"taxonomy":"post_tag","embeddable":true,"href":"https:\/\/tuavaluo.com\/avaluo\/wp-json\/wp\/v2\/tags?post=19793"}],"curies":[{"name":"wp","href":"https:\/\/api.w.org\/{rel}","templated":true}]}}