{"id":19845,"date":"2020-07-01T09:53:30","date_gmt":"2020-07-01T09:53:30","guid":{"rendered":"https:\/\/tuavaluo.com\/avaluo\/2020\/07\/01\/el-paro-en-alemania-sube-una-decima-en-junio-hasta-el-64\/"},"modified":"2020-07-01T09:53:30","modified_gmt":"2020-07-01T09:53:30","slug":"el-paro-en-alemania-sube-una-decima-en-junio-hasta-el-64","status":"publish","type":"post","link":"https:\/\/tuavaluo.com\/avaluo\/2020\/07\/01\/el-paro-en-alemania-sube-una-decima-en-junio-hasta-el-64\/","title":{"rendered":"El paro en Alemania sube una d\u00e9cima en junio, hasta el 6,4%"},"content":{"rendered":"<p>Corregidos los efectos estacionales, el n\u00famero de personas sin trabajo aument\u00f3 de mayo a junio en 69.000. Respecto a junio del a\u00f1o pasado, <strong>la cifra de desempleados subi\u00f3 en 637.000, un 1,3% m\u00e1s<\/strong>. \u00abEl mercado laboral sigue bajo presi\u00f3n debido a la pandemia del coronavirus\u00bb, se\u00f1al\u00f3 el presidente de la BA, Detlef Scheele.<\/p>\n<p>Seg\u00fan los datos de la BA, el Estado asumi\u00f3 temporalmente el <strong>pago de parte del salario de 6,83 millones de empleados<\/strong> en abril, despu\u00e9s de 2,49 millones en marzo, lo que supone una aplicaci\u00f3n de esta modalidad de jornada reducida con diferencia superior a la de la recesi\u00f3n de los a\u00f1os 2008 y 2009.<\/p>\n<p>Por otro lado, <strong>1.077.000 personas cobraron en junio subsidio de desempleo<\/strong>, 383.000 m\u00e1s que un a\u00f1o atr\u00e1s. El n\u00famero de personas que percibi\u00f3 en junio la prestaci\u00f3n social que cubre las necesidades b\u00e1sicas se situ\u00f3 en 4.076.000 -el 7,5% de la poblaci\u00f3n activa-, lo que supone 152.000 m\u00e1s que hace un a\u00f1o.<\/p>\n<p>La demanda de trabajadores retrocedi\u00f3 considerablemente con el inicio de la pandemia y se mantiene actualmente a un nivel bajo, se\u00f1ala el comunicado. En junio, el n\u00famero de puestos de trabajo registrados en la BA ascend\u00eda a 570.000, lo que supone <strong>227.000 menos que hace un a\u00f1o<\/strong> y 20.000 menos respecto a mayo, eliminados los efectos estacionales.<\/p>\n<p>\u00abEl aumento fue menos severo de lo que los mercados esperaban, principalmente porque la tasa de aumento en las solicitudes de desempleo parece estar disminuyendo m\u00e1s r\u00e1pido. Un mes no tiene tendencia, pero estos<strong> son signos alentadores<\/strong>\u00ab, se\u00f1alan los analistas de Pantheon Macroeconomics, que consideran que \u00abel desempleo general aumentar\u00e1 a\u00fan m\u00e1s\u00bb.<\/p>\n<p>&#013;<br \/>\nSource: Bolsamania.com<\/p>\n","protected":false},"excerpt":{"rendered":"<p>Corregidos los efectos estacionales, el n\u00famero de personas sin trabajo aument\u00f3 de mayo a junio en 69.000. Respecto a junio&#8230;<\/p>\n","protected":false},"author":3,"featured_media":0,"comment_status":"open","ping_status":"closed","sticky":false,"template":"","format":"standard","meta":[],"categories":[104],"tags":[99],"_links":{"self":[{"href":"https:\/\/tuavaluo.com\/avaluo\/wp-json\/wp\/v2\/posts\/19845"}],"collection":[{"href":"https:\/\/tuavaluo.com\/avaluo\/wp-json\/wp\/v2\/posts"}],"about":[{"href":"https:\/\/tuavaluo.com\/avaluo\/wp-json\/wp\/v2\/types\/post"}],"author":[{"embeddable":true,"href":"https:\/\/tuavaluo.com\/avaluo\/wp-json\/wp\/v2\/users\/3"}],"replies":[{"embeddable":true,"href":"https:\/\/tuavaluo.com\/avaluo\/wp-json\/wp\/v2\/comments?post=19845"}],"version-history":[{"count":0,"href":"https:\/\/tuavaluo.com\/avaluo\/wp-json\/wp\/v2\/posts\/19845\/revisions"}],"wp:attachment":[{"href":"https:\/\/tuavaluo.com\/avaluo\/wp-json\/wp\/v2\/media?parent=19845"}],"wp:term":[{"taxonomy":"category","embeddable":true,"href":"https:\/\/tuavaluo.com\/avaluo\/wp-json\/wp\/v2\/categories?post=19845"},{"taxonomy":"post_tag","embeddable":true,"href":"https:\/\/tuavaluo.com\/avaluo\/wp-json\/wp\/v2\/tags?post=19845"}],"curies":[{"name":"wp","href":"https:\/\/api.w.org\/{rel}","templated":true}]}}