{"id":20055,"date":"2020-07-06T10:41:44","date_gmt":"2020-07-06T10:41:44","guid":{"rendered":"https:\/\/tuavaluo.com\/avaluo\/2020\/07\/06\/lloyds-bank-sube-en-bolsa-tras-anunciar-su-ceo-que-dejara-el-cargo-en-2021\/"},"modified":"2020-07-06T10:41:44","modified_gmt":"2020-07-06T10:41:44","slug":"lloyds-bank-sube-en-bolsa-tras-anunciar-su-ceo-que-dejara-el-cargo-en-2021","status":"publish","type":"post","link":"https:\/\/tuavaluo.com\/avaluo\/2020\/07\/06\/lloyds-bank-sube-en-bolsa-tras-anunciar-su-ceo-que-dejara-el-cargo-en-2021\/","title":{"rendered":"Lloyds Bank sube en bolsa tras anunciar su CEO que dejar\u00e1 el cargo en 2021"},"content":{"rendered":"<p>Tras unirse en 2011, Horta-Os\u00f3rio ha asegurado que renunciar\u00e1 a su cargo en junio del pr\u00f3ximo a\u00f1o y que se ir\u00e1 con \u00abemociones encontradas\u00bb. Durante este tiempo, lider\u00f3 el cambio en el banco despu\u00e9s de su rescate gubernamental en la crisis financiera de 2007-2009, con la entidad<strong> volviendo completamente a manos privadas en 2017<\/strong>.<\/p>\n<p>\u00abMe ha honrado jugar mi parte en la transformaci\u00f3n de grandes partes de nuestro negocio. S\u00e9 que cuando deje el grupo el pr\u00f3ximo a\u00f1o, tiene la fuerza estrat\u00e9gica, operativa y de gesti\u00f3n para <strong>desarrollar a\u00fan m\u00e1s su posici\u00f3n l\u00edder en el mercado<\/strong>\u00ab, ha destacado.<\/p>\n<p>Por su parte, Budenburg se unir\u00e1 a Lloyds el 1 de octubre y <strong>asumir\u00e1 el cargo de presidente a principios de 2021<\/strong>. Construy\u00f3 su carrera en banca de inversi\u00f3n en SG Warburg y UBS, incluido el asesoramiento al Gobierno sobre su rescate de bancos brit\u00e1nicos, incluido Lloyds, en la crisis. M\u00e1s tarde dirigi\u00f3 las inversiones financieras del gobierno en Reino Unido y fue presidente del promotor inmobiliario The Crown Estate.<\/p>\n<p>&#013;<br \/>\nSource: Bolsamania.com<\/p>\n","protected":false},"excerpt":{"rendered":"<p>Tras unirse en 2011, Horta-Os\u00f3rio ha asegurado que renunciar\u00e1 a su cargo en junio del pr\u00f3ximo a\u00f1o y que se&#8230;<\/p>\n","protected":false},"author":3,"featured_media":0,"comment_status":"open","ping_status":"closed","sticky":false,"template":"","format":"standard","meta":[],"categories":[104],"tags":[99],"_links":{"self":[{"href":"https:\/\/tuavaluo.com\/avaluo\/wp-json\/wp\/v2\/posts\/20055"}],"collection":[{"href":"https:\/\/tuavaluo.com\/avaluo\/wp-json\/wp\/v2\/posts"}],"about":[{"href":"https:\/\/tuavaluo.com\/avaluo\/wp-json\/wp\/v2\/types\/post"}],"author":[{"embeddable":true,"href":"https:\/\/tuavaluo.com\/avaluo\/wp-json\/wp\/v2\/users\/3"}],"replies":[{"embeddable":true,"href":"https:\/\/tuavaluo.com\/avaluo\/wp-json\/wp\/v2\/comments?post=20055"}],"version-history":[{"count":0,"href":"https:\/\/tuavaluo.com\/avaluo\/wp-json\/wp\/v2\/posts\/20055\/revisions"}],"wp:attachment":[{"href":"https:\/\/tuavaluo.com\/avaluo\/wp-json\/wp\/v2\/media?parent=20055"}],"wp:term":[{"taxonomy":"category","embeddable":true,"href":"https:\/\/tuavaluo.com\/avaluo\/wp-json\/wp\/v2\/categories?post=20055"},{"taxonomy":"post_tag","embeddable":true,"href":"https:\/\/tuavaluo.com\/avaluo\/wp-json\/wp\/v2\/tags?post=20055"}],"curies":[{"name":"wp","href":"https:\/\/api.w.org\/{rel}","templated":true}]}}