{"id":20206,"date":"2020-07-08T09:27:06","date_gmt":"2020-07-08T09:27:06","guid":{"rendered":"https:\/\/tuavaluo.com\/avaluo\/2020\/07\/08\/la-mascarilla-sera-obligatoria-en-cataluna-aunque-haya-distancia-de-seguridad\/"},"modified":"2020-07-08T09:27:06","modified_gmt":"2020-07-08T09:27:06","slug":"la-mascarilla-sera-obligatoria-en-cataluna-aunque-haya-distancia-de-seguridad","status":"publish","type":"post","link":"https:\/\/tuavaluo.com\/avaluo\/2020\/07\/08\/la-mascarilla-sera-obligatoria-en-cataluna-aunque-haya-distancia-de-seguridad\/","title":{"rendered":"La mascarilla ser\u00e1 obligatoria en Catalu\u00f1a aunque haya distancia de seguridad"},"content":{"rendered":"<p>Torra lo ha anunciado durante su intervenci\u00f3n en la sesi\u00f3n de control celebrada en el Parlament, al ser preguntado por su gesti\u00f3n en la comarca del Segri\u00e0 (Lleida), que el Govern ha confinado por un importante rebrote de coronavirus.<\/p>\n<p>Antes del anuncio del president, el ministro de Sanidad, Salvador Illa, se hab\u00eda mostrado favorable a la medida. \u00abLa mascarilla ya es obligatoria si no hay distancia suficiente. A m\u00ed no me parece mal que la Generalitat refuerce esta medida\u00bb, ha dicho en una entrevista en Catalunya R\u00e0dio. <\/p>\n<p>&#013;<br \/>\nSource: Bolsamania.com<\/p>\n","protected":false},"excerpt":{"rendered":"<p>Torra lo ha anunciado durante su intervenci\u00f3n en la sesi\u00f3n de control celebrada en el Parlament, al ser preguntado por&#8230;<\/p>\n","protected":false},"author":3,"featured_media":0,"comment_status":"open","ping_status":"closed","sticky":false,"template":"","format":"standard","meta":[],"categories":[104],"tags":[99],"_links":{"self":[{"href":"https:\/\/tuavaluo.com\/avaluo\/wp-json\/wp\/v2\/posts\/20206"}],"collection":[{"href":"https:\/\/tuavaluo.com\/avaluo\/wp-json\/wp\/v2\/posts"}],"about":[{"href":"https:\/\/tuavaluo.com\/avaluo\/wp-json\/wp\/v2\/types\/post"}],"author":[{"embeddable":true,"href":"https:\/\/tuavaluo.com\/avaluo\/wp-json\/wp\/v2\/users\/3"}],"replies":[{"embeddable":true,"href":"https:\/\/tuavaluo.com\/avaluo\/wp-json\/wp\/v2\/comments?post=20206"}],"version-history":[{"count":0,"href":"https:\/\/tuavaluo.com\/avaluo\/wp-json\/wp\/v2\/posts\/20206\/revisions"}],"wp:attachment":[{"href":"https:\/\/tuavaluo.com\/avaluo\/wp-json\/wp\/v2\/media?parent=20206"}],"wp:term":[{"taxonomy":"category","embeddable":true,"href":"https:\/\/tuavaluo.com\/avaluo\/wp-json\/wp\/v2\/categories?post=20206"},{"taxonomy":"post_tag","embeddable":true,"href":"https:\/\/tuavaluo.com\/avaluo\/wp-json\/wp\/v2\/tags?post=20206"}],"curies":[{"name":"wp","href":"https:\/\/api.w.org\/{rel}","templated":true}]}}