{"id":20302,"date":"2020-07-09T12:25:10","date_gmt":"2020-07-09T12:25:10","guid":{"rendered":"https:\/\/tuavaluo.com\/avaluo\/2020\/07\/09\/el-mobile-ratifica-ampliar-a-2024-su-sede-en-barcelona-y-calvino-celebra-el-compromiso\/"},"modified":"2020-07-09T12:25:10","modified_gmt":"2020-07-09T12:25:10","slug":"el-mobile-ratifica-ampliar-a-2024-su-sede-en-barcelona-y-calvino-celebra-el-compromiso","status":"publish","type":"post","link":"https:\/\/tuavaluo.com\/avaluo\/2020\/07\/09\/el-mobile-ratifica-ampliar-a-2024-su-sede-en-barcelona-y-calvino-celebra-el-compromiso\/","title":{"rendered":"El Mobile ratifica ampliar a 2024 su sede en Barcelona y Calvi\u00f1o celebra el &quot;compromiso&quot;"},"content":{"rendered":"<p>En una rueda de prensa conjunta de las administraciones que participan en el congreso y de representantes de la GSMA y la Fira de Barcelona, la vicepresidenta tercera y ministra de Asuntos Econ\u00f3micos y Transformaci\u00f3n Digital, <strong>Nadia Calvi\u00f1o<\/strong>, ha afirmado que el acuerdo con la organizaci\u00f3n por la continuidad del Mobile en la capital catalana, <strong>\u00abcomo m\u00ednimo hasta 2024\u00bb<\/strong>, \u00abpone de manifiesto el compromiso de todos con el mantenimiento en Barcelona y en Espa\u00f1a de este evento de tanto prestigio\u00bb y ahora el objetivo es que la edici\u00f3n del 2021 sea \u00abfant\u00e1stica\u00bb y \u00abtodo un \u00e9xito\u00bb.<\/p>\n<p>En lo que respecta a la implicaci\u00f3n del Ejecutivo central en el que se considera como el <strong>mayor evento mundial de la industria m\u00f3vil<\/strong>, Calvi\u00f1o, que ha intervenido por videoconferencia debido a las negociaciones para su candidatura al Eurogrupo, ha dicho que el compromiso \u00abha sido firme desde la primera edici\u00f3n\u00bb y se ha sustanciado en el decreto del pasado junio por el que se dio luz verde al acuerdo con la GSMA para ampliar un a\u00f1o m\u00e1s, hasta 2024, el contrato de Barcelona como sede del Mobile.<\/p>\n<p>\u00abEste congreso ha <strong>posicionado a Espa\u00f1a como referente global<\/strong> en tecnolog\u00edas de la comunicaci\u00f3n y ha impulsado a Barcelona como ciudad referente en nuevas tecnolog\u00edas\u00bb, ha se\u00f1alado la vicepresidenta.<\/p>\n<\/p>\n<p>Por su parte, el director general de la GSMA, Mats Granryd, ha asegurado que para la <strong>edici\u00f3n de 2021<\/strong> las medidas de seguridad sanitarias se reforzar\u00e1n a\u00fan m\u00e1s si cabe que las previstas para este a\u00f1o, y el objetivo que se han marcado es que sea un \u00abMobile &#8216;touchless'\u00bb (Mobile sin contacto) para prevenir posibles contagios.<\/p>\n<p>&#013;<br \/>\nSource: Bolsamania.com<\/p>\n","protected":false},"excerpt":{"rendered":"<p>En una rueda de prensa conjunta de las administraciones que participan en el congreso y de representantes de la GSMA&#8230;<\/p>\n","protected":false},"author":3,"featured_media":0,"comment_status":"open","ping_status":"closed","sticky":false,"template":"","format":"standard","meta":[],"categories":[104],"tags":[99],"_links":{"self":[{"href":"https:\/\/tuavaluo.com\/avaluo\/wp-json\/wp\/v2\/posts\/20302"}],"collection":[{"href":"https:\/\/tuavaluo.com\/avaluo\/wp-json\/wp\/v2\/posts"}],"about":[{"href":"https:\/\/tuavaluo.com\/avaluo\/wp-json\/wp\/v2\/types\/post"}],"author":[{"embeddable":true,"href":"https:\/\/tuavaluo.com\/avaluo\/wp-json\/wp\/v2\/users\/3"}],"replies":[{"embeddable":true,"href":"https:\/\/tuavaluo.com\/avaluo\/wp-json\/wp\/v2\/comments?post=20302"}],"version-history":[{"count":0,"href":"https:\/\/tuavaluo.com\/avaluo\/wp-json\/wp\/v2\/posts\/20302\/revisions"}],"wp:attachment":[{"href":"https:\/\/tuavaluo.com\/avaluo\/wp-json\/wp\/v2\/media?parent=20302"}],"wp:term":[{"taxonomy":"category","embeddable":true,"href":"https:\/\/tuavaluo.com\/avaluo\/wp-json\/wp\/v2\/categories?post=20302"},{"taxonomy":"post_tag","embeddable":true,"href":"https:\/\/tuavaluo.com\/avaluo\/wp-json\/wp\/v2\/tags?post=20302"}],"curies":[{"name":"wp","href":"https:\/\/api.w.org\/{rel}","templated":true}]}}