{"id":20359,"date":"2020-07-10T09:05:13","date_gmt":"2020-07-10T09:05:13","guid":{"rendered":"https:\/\/tuavaluo.com\/avaluo\/2020\/07\/10\/pimco-ve-la-inflacion-muy-por-debajo-de-los-objetivos-del-bce-al-menos-hasta-2022\/"},"modified":"2020-07-10T09:05:13","modified_gmt":"2020-07-10T09:05:13","slug":"pimco-ve-la-inflacion-muy-por-debajo-de-los-objetivos-del-bce-al-menos-hasta-2022","status":"publish","type":"post","link":"https:\/\/tuavaluo.com\/avaluo\/2020\/07\/10\/pimco-ve-la-inflacion-muy-por-debajo-de-los-objetivos-del-bce-al-menos-hasta-2022\/","title":{"rendered":"PIMCO ve la inflaci\u00f3n &quot;muy por debajo de los objetivos del BCE&quot; al menos hasta 2022"},"content":{"rendered":"<p>Seg\u00fan su gestor Peder Beck-Friis, las perspectivas de inflaci\u00f3n a medio plazo &#8211; en 2022 y en adelante- dependen de la combinaci\u00f3n de pol\u00edticas fiscales y monetarias cuando la econom\u00eda regrese a su capacidad plena. \u00abSi para entonces, tanto la pol\u00edtica fiscal como la monetaria siguen a\u00f1adiendo est\u00edmulos, <strong>entonces existir\u00e1 el riesgo de que la inflaci\u00f3n empiece a aumentar<\/strong>\u00ab, indica.<\/p>\n<h3><strong>INFLACI\u00d3N Y DEUDA P\u00daBLICA<\/strong><\/h3>\n<p>Beck-Friis explica que la coordinaci\u00f3n de las pol\u00edticas monetarias y fiscales va en aumento y reconoce que <strong>puede que los responsables pol\u00edticos sientan la tentaci\u00f3n de utilizar la inflaci\u00f3n para reducir el valor real del stock de deuda.<\/strong><\/p>\n<p>\u00abFundamentalmente, depender\u00e1 de la voluntad del BCE de tolerar la inflaci\u00f3n por encima del objetivo. El BCE probablemente aceptar\u00eda alg\u00fan incremento modesto de inflaci\u00f3n, para volver a anclar las expectativas de inflaci\u00f3n al alza tras un largo per\u00edodo de inflaci\u00f3n por debajo del objetivo. Pero si la inflaci\u00f3n aumentara significativamente por encima del objetivo, <strong>el BCE tendr\u00eda que elegir entre estabilizar la deuda o la inflaci\u00f3n<\/strong>\u00ab, se\u00f1ala este experto<\/p>\n<p>&#013;<br \/>\nSource: Bolsamania.com<\/p>\n","protected":false},"excerpt":{"rendered":"<p>Seg\u00fan su gestor Peder Beck-Friis, las perspectivas de inflaci\u00f3n a medio plazo &#8211; en 2022 y en adelante- dependen de&#8230;<\/p>\n","protected":false},"author":3,"featured_media":0,"comment_status":"open","ping_status":"closed","sticky":false,"template":"","format":"standard","meta":[],"categories":[104],"tags":[99],"_links":{"self":[{"href":"https:\/\/tuavaluo.com\/avaluo\/wp-json\/wp\/v2\/posts\/20359"}],"collection":[{"href":"https:\/\/tuavaluo.com\/avaluo\/wp-json\/wp\/v2\/posts"}],"about":[{"href":"https:\/\/tuavaluo.com\/avaluo\/wp-json\/wp\/v2\/types\/post"}],"author":[{"embeddable":true,"href":"https:\/\/tuavaluo.com\/avaluo\/wp-json\/wp\/v2\/users\/3"}],"replies":[{"embeddable":true,"href":"https:\/\/tuavaluo.com\/avaluo\/wp-json\/wp\/v2\/comments?post=20359"}],"version-history":[{"count":0,"href":"https:\/\/tuavaluo.com\/avaluo\/wp-json\/wp\/v2\/posts\/20359\/revisions"}],"wp:attachment":[{"href":"https:\/\/tuavaluo.com\/avaluo\/wp-json\/wp\/v2\/media?parent=20359"}],"wp:term":[{"taxonomy":"category","embeddable":true,"href":"https:\/\/tuavaluo.com\/avaluo\/wp-json\/wp\/v2\/categories?post=20359"},{"taxonomy":"post_tag","embeddable":true,"href":"https:\/\/tuavaluo.com\/avaluo\/wp-json\/wp\/v2\/tags?post=20359"}],"curies":[{"name":"wp","href":"https:\/\/api.w.org\/{rel}","templated":true}]}}