{"id":20632,"date":"2020-07-15T15:33:36","date_gmt":"2020-07-15T15:33:36","guid":{"rendered":"https:\/\/tuavaluo.com\/avaluo\/2020\/07\/15\/tenerife-sufre-su-segundo-apagon-total-en-un-ano-por-un-fallo-en-la-generacion\/"},"modified":"2020-07-15T15:33:36","modified_gmt":"2020-07-15T15:33:36","slug":"tenerife-sufre-su-segundo-apagon-total-en-un-ano-por-un-fallo-en-la-generacion","status":"publish","type":"post","link":"https:\/\/tuavaluo.com\/avaluo\/2020\/07\/15\/tenerife-sufre-su-segundo-apagon-total-en-un-ano-por-un-fallo-en-la-generacion\/","title":{"rendered":"Tenerife sufre su segundo apag\u00f3n total en un a\u00f1o &quot;por un fallo en la generaci\u00f3n&quot;"},"content":{"rendered":"<div class=\"read-more-links\">\n<h5>Noticia relacionada<\/h5>\n<p><a class=\"readMore\" href=\"https:\/\/www.bolsamania.com\/noticias\/economia\/recuperada-totalidad-suministro-electrico-tenerife-nueve-horas--7040564.html\" rel=\"noopener noreferrer\" target=\"_blank\" data-id=\"7040564\" rel=\"nofollow\" ><\/p>\n<figure><img class=\"lazy\" title=\"Leer m&#xE1;s\" data-original=\"https:\/\/img1.s3wfg.com\/web\/img\/images_uploaded\/7\/1\/ep_la_electricidad_para_pymes_y_autonomos_es_un_36_mas_cara_que_en_el_resto_de_europa_segun_pimec_285x185.jpg\" data-src=\"https:\/\/img1.s3wfg.com\/web\/img\/images_uploaded\/7\/1\/ep_la_electricidad_para_pymes_y_autonomos_es_un_36_mas_cara_que_en_el_resto_de_europa_segun_pimec_285x185.jpg\" \/><\/figure>\n<p>Recuperada la totalidad del suministro el\u00e9ctrico en Tenerife tras nueve horas <\/a><\/div>\n<p>Desde <strong>Red El\u00e9ctrica<\/strong> han lamentado las molestias ocasionadas por esta situaci\u00f3n y \u00ablas primeras investigaciones apuntan a un fallo en la generaci\u00f3n como causa del incidente\u00bb. La compa\u00f1\u00eda ha asegurado seguir trabajando para conseguir el restablecimiento completo en el menor tiempo posible.<\/p>\n<p>En cualquier caso, la naturaleza de este nuevo fallo ha permitido que no se tenga que paralizar todo el sistema el\u00e9ctrico en la isla, al contrario que el apag\u00f3n sufrido el pasado mes de septiembre. <strong>As\u00ed se explica que la reparaci\u00f3n del mismo haya podido tener lugar con una mayor rapidez.<\/strong><\/p>\n<p>A Red El\u00e9ctrica se ha sumado Endesa en las labores de reposici\u00f3n del suministro el\u00e9ctrico. Cabe recordar que el anterior fallo tambi\u00e9n implic\u00f3 a las dos compa\u00f1\u00edas, operadoras de la isla.<\/p>\n<p>&#013;<br \/>\nSource: Bolsamania.com<\/p>\n","protected":false},"excerpt":{"rendered":"<p>Noticia relacionada Recuperada la totalidad del suministro el\u00e9ctrico en Tenerife tras nueve horas Desde Red El\u00e9ctrica han lamentado las molestias&#8230;<\/p>\n","protected":false},"author":3,"featured_media":20633,"comment_status":"open","ping_status":"closed","sticky":false,"template":"","format":"standard","meta":[],"categories":[104],"tags":[99],"_links":{"self":[{"href":"https:\/\/tuavaluo.com\/avaluo\/wp-json\/wp\/v2\/posts\/20632"}],"collection":[{"href":"https:\/\/tuavaluo.com\/avaluo\/wp-json\/wp\/v2\/posts"}],"about":[{"href":"https:\/\/tuavaluo.com\/avaluo\/wp-json\/wp\/v2\/types\/post"}],"author":[{"embeddable":true,"href":"https:\/\/tuavaluo.com\/avaluo\/wp-json\/wp\/v2\/users\/3"}],"replies":[{"embeddable":true,"href":"https:\/\/tuavaluo.com\/avaluo\/wp-json\/wp\/v2\/comments?post=20632"}],"version-history":[{"count":0,"href":"https:\/\/tuavaluo.com\/avaluo\/wp-json\/wp\/v2\/posts\/20632\/revisions"}],"wp:featuredmedia":[{"embeddable":true,"href":"https:\/\/tuavaluo.com\/avaluo\/wp-json\/wp\/v2\/media\/20633"}],"wp:attachment":[{"href":"https:\/\/tuavaluo.com\/avaluo\/wp-json\/wp\/v2\/media?parent=20632"}],"wp:term":[{"taxonomy":"category","embeddable":true,"href":"https:\/\/tuavaluo.com\/avaluo\/wp-json\/wp\/v2\/categories?post=20632"},{"taxonomy":"post_tag","embeddable":true,"href":"https:\/\/tuavaluo.com\/avaluo\/wp-json\/wp\/v2\/tags?post=20632"}],"curies":[{"name":"wp","href":"https:\/\/api.w.org\/{rel}","templated":true}]}}