{"id":20786,"date":"2020-07-17T15:42:47","date_gmt":"2020-07-17T15:42:47","guid":{"rendered":"https:\/\/tuavaluo.com\/avaluo\/2020\/07\/17\/telefonica-vuelve-a-plantear-sacar-a-bolsa-su-filial-de-telecomunicaciones-telxius-en-2021\/"},"modified":"2020-07-17T15:42:47","modified_gmt":"2020-07-17T15:42:47","slug":"telefonica-vuelve-a-plantear-sacar-a-bolsa-su-filial-de-telecomunicaciones-telxius-en-2021","status":"publish","type":"post","link":"https:\/\/tuavaluo.com\/avaluo\/2020\/07\/17\/telefonica-vuelve-a-plantear-sacar-a-bolsa-su-filial-de-telecomunicaciones-telxius-en-2021\/","title":{"rendered":"Telef\u00f3nica vuelve a plantear sacar a bolsa su filial de telecomunicaciones Telxius en 2021"},"content":{"rendered":"<p>No es la \u00fanica opci\u00f3n, seg\u00fan las fuentes que cita la agencia estadounidense, que no identifica. La opci\u00f3n de una operaci\u00f3n corporativa tambi\u00e9n podr\u00eda materializarse v\u00eda <strong>fusi\u00f3n o integraci\u00f3n con alguno de sus rivales<\/strong>, con el objetivo de ganar dimensi\u00f3n en un segmento de las telecomunicaciones cada vez m\u00e1s competitivo.<\/p>\n<div class=\"read-more-links\">\n<h5>Noticia relacionada<\/h5>\n<p><a class=\"readMore\" href=\"https:\/\/www.bolsamania.com\/noticias\/empresas\/la-opa-kkr-masmovil-alianza-telefonica-telxius--7532645.html\" rel=\"noopener noreferrer\" target=\"_blank\" data-id=\"7532645\" rel=\"nofollow\" ><\/p>\n<figure><img class=\"lazy\" title=\"Leer m&#xE1;s\" data-original=\"https:\/\/img1.s3wfg.com\/web\/img\/images_uploaded\/6\/3\/ep_logo_de_telefonica_285x185.jpg\" data-src=\"https:\/\/img1.s3wfg.com\/web\/img\/images_uploaded\/6\/3\/ep_logo_de_telefonica_285x185.jpg\" \/><\/figure>\n<p>La opa de KKR por M\u00e1sM\u00f3vil pone en cuesti\u00f3n su alianza con Telef\u00f3nica en Telxius <\/a><\/div>\n<p>Este movimiento no s\u00f3lo implicar\u00eda a Telef\u00f3nica, tambi\u00e9n a sus dos socios en el capital. Por un lado <strong>KKR<\/strong>. La firma de inversi\u00f3n desembarc\u00f3 en la filial despu\u00e9s de que se paralizara en 2016 su salida a bolsa, por no conseguir la valoraci\u00f3n que Telef\u00f3nica esperaba. Primero, KKR se hizo con el 24,8%, que posteriormente elev\u00f3 hasta el 40% actual.<\/p>\n<p>Por otro, <strong>Amancio Ortega<\/strong>. El fundador de Zara es el due\u00f1o del 10% del accionariado de Telxius a trav\u00e9s de Pontegadea, en una operaci\u00f3n realizada hace dos a\u00f1os, en verano de 2018, y valorada en 378,8 millones de euros,<\/p>\n<p>&#013;<br \/>\nSource: Bolsamania.com<\/p>\n","protected":false},"excerpt":{"rendered":"<p>No es la \u00fanica opci\u00f3n, seg\u00fan las fuentes que cita la agencia estadounidense, que no identifica. La opci\u00f3n de una&#8230;<\/p>\n","protected":false},"author":3,"featured_media":20787,"comment_status":"open","ping_status":"closed","sticky":false,"template":"","format":"standard","meta":[],"categories":[104],"tags":[99],"_links":{"self":[{"href":"https:\/\/tuavaluo.com\/avaluo\/wp-json\/wp\/v2\/posts\/20786"}],"collection":[{"href":"https:\/\/tuavaluo.com\/avaluo\/wp-json\/wp\/v2\/posts"}],"about":[{"href":"https:\/\/tuavaluo.com\/avaluo\/wp-json\/wp\/v2\/types\/post"}],"author":[{"embeddable":true,"href":"https:\/\/tuavaluo.com\/avaluo\/wp-json\/wp\/v2\/users\/3"}],"replies":[{"embeddable":true,"href":"https:\/\/tuavaluo.com\/avaluo\/wp-json\/wp\/v2\/comments?post=20786"}],"version-history":[{"count":0,"href":"https:\/\/tuavaluo.com\/avaluo\/wp-json\/wp\/v2\/posts\/20786\/revisions"}],"wp:featuredmedia":[{"embeddable":true,"href":"https:\/\/tuavaluo.com\/avaluo\/wp-json\/wp\/v2\/media\/20787"}],"wp:attachment":[{"href":"https:\/\/tuavaluo.com\/avaluo\/wp-json\/wp\/v2\/media?parent=20786"}],"wp:term":[{"taxonomy":"category","embeddable":true,"href":"https:\/\/tuavaluo.com\/avaluo\/wp-json\/wp\/v2\/categories?post=20786"},{"taxonomy":"post_tag","embeddable":true,"href":"https:\/\/tuavaluo.com\/avaluo\/wp-json\/wp\/v2\/tags?post=20786"}],"curies":[{"name":"wp","href":"https:\/\/api.w.org\/{rel}","templated":true}]}}