{"id":21908,"date":"2020-08-10T15:04:14","date_gmt":"2020-08-10T15:04:14","guid":{"rendered":"https:\/\/tuavaluo.com\/avaluo\/2020\/08\/10\/antonio-banderas-da-positivo-en-coronavirus-en-el-dia-de-su-60-cumpleanos\/"},"modified":"2020-08-10T15:04:14","modified_gmt":"2020-08-10T15:04:14","slug":"antonio-banderas-da-positivo-en-coronavirus-en-el-dia-de-su-60-cumpleanos","status":"publish","type":"post","link":"https:\/\/tuavaluo.com\/avaluo\/2020\/08\/10\/antonio-banderas-da-positivo-en-coronavirus-en-el-dia-de-su-60-cumpleanos\/","title":{"rendered":"Antonio Banderas da positivo en coronavirus en el d\u00eda de su 60 cumplea\u00f1os"},"content":{"rendered":"<p>El COVID-19 parece que fue el responsable de la <strong>ausencia de Banderas en el en Starlite de Marbella<\/strong>, evento solidario de recaudaci\u00f3n de fondos del que es padrino y en el que ocupa un papel protagonista.<\/p>\n<p>\u00abQuiero hacer p\u00fablico que hoy, 10 de Agosto, me veo obligado a c<strong>elebrar mi 60 cumplea\u00f1os siguiendo cuarentena al haber dado positivo de la enfermedad Covid-19<\/strong>, causada por el coronavirus\u00bb, inform\u00f3 el malage\u00f1o.<\/p>\n<\/p>\n<blockquote class=\"twitter-tweet\">\n<p dir=\"ltr\" lang=\"es\">Quiero contaros lo siguiente&#8230; <a href=\"https:\/\/t.co\/u579iBVLM0\" target=\"_blank\"  rel=\"nofollow\" >pic.twitter.com\/u579iBVLM0<\/a><\/p>\n<p>\u2014 Antonio Banderas (@antoniobanderas) <a href=\"https:\/\/twitter.com\/antoniobanderas\/status\/1292797071909691393?ref_src=twsrc%5Etfw\" target=\"_blank\"  rel=\"nofollow\" >August 10, 2020<\/a><\/p><\/blockquote>\n<p>Durante este confinamiento, el productor y empresario se ha propuesto utilizar el tiempo para conocerse mejor y <strong>\u00abdarle significado\u00bb a sus reci\u00e9n 60 a\u00f1os<\/strong>. Tambi\u00e9n, como el propio Banderas ha reconocido, lo aprovechar\u00e1 para \u00ableer, escribir, descansar y seguir haciendo planes\u00bb.<\/p>\n<p>Tras conocerse la revelaci\u00f3n, las muestras de cari\u00f1o y \u00e1nimo por parte de sus compa\u00f1eros de profesi\u00f3n no se han hecho esperar. \u00abQuerido Antonio, mucho \u00e1nimo, mucha suerte y, en cualquier caso, aunque las circunstancias no sean las mejores para celebrar nada, espero que tengas un cumplea\u00f1os todo lo mejor posible. Un fuerte abrazo tan grande como t\u00fa\u00bb, ha escrito en Twitter <strong>Santi Rodr\u00edguez<\/strong>.<\/p>\n<p>&#013;<br \/>\nSource: Bolsamania.com<\/p>\n","protected":false},"excerpt":{"rendered":"<p>El COVID-19 parece que fue el responsable de la ausencia de Banderas en el en Starlite de Marbella, evento solidario&#8230;<\/p>\n","protected":false},"author":3,"featured_media":0,"comment_status":"open","ping_status":"closed","sticky":false,"template":"","format":"standard","meta":[],"categories":[104],"tags":[99],"_links":{"self":[{"href":"https:\/\/tuavaluo.com\/avaluo\/wp-json\/wp\/v2\/posts\/21908"}],"collection":[{"href":"https:\/\/tuavaluo.com\/avaluo\/wp-json\/wp\/v2\/posts"}],"about":[{"href":"https:\/\/tuavaluo.com\/avaluo\/wp-json\/wp\/v2\/types\/post"}],"author":[{"embeddable":true,"href":"https:\/\/tuavaluo.com\/avaluo\/wp-json\/wp\/v2\/users\/3"}],"replies":[{"embeddable":true,"href":"https:\/\/tuavaluo.com\/avaluo\/wp-json\/wp\/v2\/comments?post=21908"}],"version-history":[{"count":0,"href":"https:\/\/tuavaluo.com\/avaluo\/wp-json\/wp\/v2\/posts\/21908\/revisions"}],"wp:attachment":[{"href":"https:\/\/tuavaluo.com\/avaluo\/wp-json\/wp\/v2\/media?parent=21908"}],"wp:term":[{"taxonomy":"category","embeddable":true,"href":"https:\/\/tuavaluo.com\/avaluo\/wp-json\/wp\/v2\/categories?post=21908"},{"taxonomy":"post_tag","embeddable":true,"href":"https:\/\/tuavaluo.com\/avaluo\/wp-json\/wp\/v2\/tags?post=21908"}],"curies":[{"name":"wp","href":"https:\/\/api.w.org\/{rel}","templated":true}]}}