{"id":22177,"date":"2020-08-17T13:17:30","date_gmt":"2020-08-17T13:17:30","guid":{"rendered":"https:\/\/tuavaluo.com\/avaluo\/2020\/08\/17\/el-rey-juan-carlos-i-esta-en-emiratos-arabes-unidos-desde-el-3-de-agosto\/"},"modified":"2020-08-17T13:17:30","modified_gmt":"2020-08-17T13:17:30","slug":"el-rey-juan-carlos-i-esta-en-emiratos-arabes-unidos-desde-el-3-de-agosto","status":"publish","type":"post","link":"https:\/\/tuavaluo.com\/avaluo\/2020\/08\/17\/el-rey-juan-carlos-i-esta-en-emiratos-arabes-unidos-desde-el-3-de-agosto\/","title":{"rendered":"El rey Juan Carlos I est\u00e1 en Emiratos \u00c1rabes Unidos desde el 3 de agosto"},"content":{"rendered":"<div class=\"read-more-links\">\n<h5>Noticia relacionada<\/h5>\n<p><a class=\"readMore\" href=\"https:\/\/www.bolsamania.com\/noticias\/politica\/el-rey-emerito-juan-carlos-comunica-a-zarzuela-su-decision-de-abandonar-espana--7596215.html\" rel=\"noopener noreferrer\" target=\"_blank\" data-id=\"7596215\" rel=\"nofollow\" ><\/p>\n<figure><img class=\"lazy\" title=\"Leer m&#xE1;s\" data-original=\"https:\/\/img3.s3wfg.com\/web\/img\/images_uploaded\/7\/3\/ep_juan_carlos_i_con_el_entonces_principe_felipe_285x185.jpg\" data-src=\"https:\/\/img3.s3wfg.com\/web\/img\/images_uploaded\/7\/3\/ep_juan_carlos_i_con_el_entonces_principe_felipe_285x185.jpg\" \/><\/figure>\n<p>El rey em\u00e9rito Juan Carlos I abandona Espa\u00f1a tras el esc\u00e1ndalo de las comisiones <\/a><\/div>\n<p>\u00abEl Rey Don Juan Carlos ha indicado a la Casa de Su Majestad el Rey que comunique que el pasado d\u00eda 3 del presente mes de agosto se traslad\u00f3 a Emiratos \u00c1rabes Unidos, donde permanece en la actualidad\u00bb, han se\u00f1alado fuentes de Zarzuela.<\/p>\n<p>La marcha del rey em\u00e9rito estuvo rodeada de pol\u00e9mica desde el primer momento, ya que se produjo ante el esc\u00e1ndalo de las <strong>comisiones por la construcci\u00f3n del AVE a La Meca<\/strong>, que ahora investiga la Fiscal\u00eda del Tribunal Supremo.<\/p>\n<p>Mucho se hab\u00eda especulado desde que se anunciase su marcha sobre el paradero en el que se encontraba Juan Carlos I, <strong>un asunto en el que hasta ahora Casa Real hab\u00eda guardado silencio<\/strong>. Al principio se dijo que se hab\u00eda ido a Rep\u00fablica Dominicana, pero este lunes Zarzuela, tras recibir el permiso del rey em\u00e9rito, ha confirmado que desde el 3 de agosto se encuentra en Emiratos \u00c1rabes Unidos.<\/p>\n<p>Cabe recordar que Juan Carlos I anunci\u00f3 el pasado 3 de agosto que <a href=\"https:\/\/www.bolsamania.com\/noticias\/politica\/el-rey-emerito-juan-carlos-comunica-a-zarzuela-su-decision-de-abandonar-espana--7596215.html\" rel=\"noopener noreferrer\" target=\"_blank\" rel=\"nofollow\" ><strong>abandonaba Espa\u00f1a<\/strong><\/a>, a trav\u00e9s de una carta que envi\u00f3 a su hijo, el rey Felipe VI, con el objetivo de \u00abprestar mejor servicio a los espa\u00f1oles y a las instituciones\u00bb. Y al d\u00eda siguiente se conoci\u00f3 su explicaci\u00f3n a la decisi\u00f3n que hab\u00eda tomado. Como le dijo al periodista Alfonso Ussia, <a href=\"https:\/\/www.bolsamania.com\/noticias\/politica\/juan-carlos-despide-espana-parentesis-vacaciones--7597601.html\" rel=\"noopener noreferrer\" target=\"_blank\" rel=\"nofollow\" ><strong>\u00abesto es un par\u00e9ntesis, no unas vacaciones\u00bb<\/strong><\/a>.<\/p>\n<p>&#013;<br \/>\nSource: Bolsamania.com<\/p>\n","protected":false},"excerpt":{"rendered":"<p>Noticia relacionada El rey em\u00e9rito Juan Carlos I abandona Espa\u00f1a tras el esc\u00e1ndalo de las comisiones \u00abEl Rey Don Juan&#8230;<\/p>\n","protected":false},"author":3,"featured_media":22178,"comment_status":"open","ping_status":"closed","sticky":false,"template":"","format":"standard","meta":[],"categories":[104],"tags":[99],"_links":{"self":[{"href":"https:\/\/tuavaluo.com\/avaluo\/wp-json\/wp\/v2\/posts\/22177"}],"collection":[{"href":"https:\/\/tuavaluo.com\/avaluo\/wp-json\/wp\/v2\/posts"}],"about":[{"href":"https:\/\/tuavaluo.com\/avaluo\/wp-json\/wp\/v2\/types\/post"}],"author":[{"embeddable":true,"href":"https:\/\/tuavaluo.com\/avaluo\/wp-json\/wp\/v2\/users\/3"}],"replies":[{"embeddable":true,"href":"https:\/\/tuavaluo.com\/avaluo\/wp-json\/wp\/v2\/comments?post=22177"}],"version-history":[{"count":0,"href":"https:\/\/tuavaluo.com\/avaluo\/wp-json\/wp\/v2\/posts\/22177\/revisions"}],"wp:featuredmedia":[{"embeddable":true,"href":"https:\/\/tuavaluo.com\/avaluo\/wp-json\/wp\/v2\/media\/22178"}],"wp:attachment":[{"href":"https:\/\/tuavaluo.com\/avaluo\/wp-json\/wp\/v2\/media?parent=22177"}],"wp:term":[{"taxonomy":"category","embeddable":true,"href":"https:\/\/tuavaluo.com\/avaluo\/wp-json\/wp\/v2\/categories?post=22177"},{"taxonomy":"post_tag","embeddable":true,"href":"https:\/\/tuavaluo.com\/avaluo\/wp-json\/wp\/v2\/tags?post=22177"}],"curies":[{"name":"wp","href":"https:\/\/api.w.org\/{rel}","templated":true}]}}