{"id":22225,"date":"2020-08-18T11:06:00","date_gmt":"2020-08-18T11:06:00","guid":{"rendered":"https:\/\/tuavaluo.com\/avaluo\/2020\/08\/18\/las-clases-seran-semipresenciales-desde-3o-de-eso-y-con-grupos-burbuja-para-el-resto\/"},"modified":"2020-08-18T11:06:00","modified_gmt":"2020-08-18T11:06:00","slug":"las-clases-seran-semipresenciales-desde-3o-de-eso-y-con-grupos-burbuja-para-el-resto","status":"publish","type":"post","link":"https:\/\/tuavaluo.com\/avaluo\/2020\/08\/18\/las-clases-seran-semipresenciales-desde-3o-de-eso-y-con-grupos-burbuja-para-el-resto\/","title":{"rendered":"Las clases ser\u00e1n semipresenciales desde 3\u00ba de ESO y con &quot;grupos burbuja&quot; para el resto"},"content":{"rendered":"<p>Como se detalla en este protocolo a nivel estatal, al que ha tenido acceso La Informaci\u00f3n, los estudiantes de 3\u00ba y 4\u00ba de la ESO y Bachillerato volver\u00edan a las clases <strong>alternando su presencia f\u00edsica<\/strong> en el centro con la formaci\u00f3n a distancia desde su domicilio.<\/p>\n<p>Respecto a los dos primeros cursos de la ESO y a los alumnos de Educaci\u00f3n Infantil y Primaria, se organizaran en \u00abgrupos burbuja\u00bb, es decir, <strong>las clases estar\u00e1n aisladas del resto de alumnos<\/strong> con el objetivo de evitar la propagaci\u00f3n del Covid-19 y lograr mantener la actividad del centro en el caso de que se detectara un contagio.<\/p>\n<p><strong>VUELTA SEGURA<\/strong><\/p>\n<p>Las asociaciones de padres y madres de alumnos han solicitado este martes la convocatoria del Consejo Estatal de Familias con el objetivo de trabajar en una vuelta \u00absegura\u00bb a las aulas en el mes de septiembre, seg\u00fan ha indicado este martes la Confederaci\u00f3n Espa\u00f1ola de Asociaciones de Padres y Madres del Alumnado (Ceapa).<\/p>\n<p>La Confederaci\u00f3n ha vuelto a <strong>exigir \u00abuna vuelta 100% presencial<\/strong> y segura a las aulas en septiembre, as\u00ed como instrucciones claras que contemplen los distintos escenarios posibles\u00bb. Entre sus reivindicaciones se encuentra una mayor inversi\u00f3n para la escuela p\u00fablica, bajada de ratios para posibilitar la distancia social y una ense\u00f1anza m\u00e1s personalizada, enfermer\u00eda escolar, garantizar servicios esenciales como el comedor escolar, planes de conciliaci\u00f3n laboral y familiar, flexibilizaci\u00f3n y adaptaci\u00f3n del curr\u00edculo, o caminos escolares seguros para evitar grandes aglomeraciones en las entradas y salidas de los centros.<\/p>\n<p>&#013;<br \/>\nSource: Bolsamania.com<\/p>\n","protected":false},"excerpt":{"rendered":"<p>Como se detalla en este protocolo a nivel estatal, al que ha tenido acceso La Informaci\u00f3n, los estudiantes de 3\u00ba&#8230;<\/p>\n","protected":false},"author":3,"featured_media":0,"comment_status":"open","ping_status":"closed","sticky":false,"template":"","format":"standard","meta":[],"categories":[104],"tags":[99],"_links":{"self":[{"href":"https:\/\/tuavaluo.com\/avaluo\/wp-json\/wp\/v2\/posts\/22225"}],"collection":[{"href":"https:\/\/tuavaluo.com\/avaluo\/wp-json\/wp\/v2\/posts"}],"about":[{"href":"https:\/\/tuavaluo.com\/avaluo\/wp-json\/wp\/v2\/types\/post"}],"author":[{"embeddable":true,"href":"https:\/\/tuavaluo.com\/avaluo\/wp-json\/wp\/v2\/users\/3"}],"replies":[{"embeddable":true,"href":"https:\/\/tuavaluo.com\/avaluo\/wp-json\/wp\/v2\/comments?post=22225"}],"version-history":[{"count":0,"href":"https:\/\/tuavaluo.com\/avaluo\/wp-json\/wp\/v2\/posts\/22225\/revisions"}],"wp:attachment":[{"href":"https:\/\/tuavaluo.com\/avaluo\/wp-json\/wp\/v2\/media?parent=22225"}],"wp:term":[{"taxonomy":"category","embeddable":true,"href":"https:\/\/tuavaluo.com\/avaluo\/wp-json\/wp\/v2\/categories?post=22225"},{"taxonomy":"post_tag","embeddable":true,"href":"https:\/\/tuavaluo.com\/avaluo\/wp-json\/wp\/v2\/tags?post=22225"}],"curies":[{"name":"wp","href":"https:\/\/api.w.org\/{rel}","templated":true}]}}