{"id":22359,"date":"2020-08-20T10:21:14","date_gmt":"2020-08-20T10:21:14","guid":{"rendered":"https:\/\/tuavaluo.com\/avaluo\/2020\/08\/20\/bloomberg-espana-es-epicentro-de-la-pandemia-y-sanchez-de-vacaciones\/"},"modified":"2020-08-20T10:21:14","modified_gmt":"2020-08-20T10:21:14","slug":"bloomberg-espana-es-epicentro-de-la-pandemia-y-sanchez-de-vacaciones","status":"publish","type":"post","link":"https:\/\/tuavaluo.com\/avaluo\/2020\/08\/20\/bloomberg-espana-es-epicentro-de-la-pandemia-y-sanchez-de-vacaciones\/","title":{"rendered":"Bloomberg: Espa\u00f1a es epicentro de la pandemia y S\u00e1nchez, de vacaciones"},"content":{"rendered":"<p>Bloomberg a\u00f1ade que \u00abcada d\u00eda trae m\u00e1s malas noticias\u00bb a <a href=\"https:\/\/www.bolsamania.com\/noticias\/empresas\/belgica-desaconseja-viajar-espana-situacion-es-verdaderamente-delicada--7613260.html\" rel=\"noopener noreferrer\" target=\"_blank\" rel=\"nofollow\" ><strong>Espa\u00f1a<\/strong><\/a> y se\u00f1ala: \u00abCon la industria tur\u00edstica diezmada y la econom\u00eda de rodillas, <strong>algunos votantes est\u00e1n al l\u00edmite<\/strong> <strong>y cualquier indiferencia percibida por su clase dirigente podr\u00eda acarrear un coste pol\u00edtico para un gobierno minoritario d\u00e9bil<\/strong> que depende de los separatistas para mantenerse en el poder\u00bb.<\/p>\n<div class=\"read-more-links\">\n<h5>Noticia relacionada<\/h5>\n<p><a class=\"readMore\" href=\"https:\/\/www.bolsamania.com\/noticias\/economia\/berenberg-descarta-cierres-generalizados-europa-alerta-espana--7613054.html\" rel=\"noopener noreferrer\" target=\"_blank\" data-id=\"7613054\" rel=\"nofollow\" ><\/p>\n<figure><img class=\"lazy\" title=\"Leer m&#xE1;s\" data-original=\"https:\/\/img5.s3wfg.com\/web\/img\/images_uploaded\/3\/d\/covid-paris.png\" data-src=\"https:\/\/img5.s3wfg.com\/web\/img\/images_uploaded\/3\/d\/covid-paris.png\" \/><\/figure>\n<p>Berenberg descarta cierres \u00abgeneralizados\u00bb en Europa&#8230; pero alerta sobre Espa\u00f1a <\/a><\/div>\n<p>El manejo de la pandemia por parte de S\u00e1nchez ha sido \u00abampliamente criticado\u00bb, mientras que Italia, que sirvi\u00f3 de modelo para Espa\u00f1a al ser el primero en entrar en el encierro, <strong>\u00abparece tener un mejor manejo de la crisis\u00bb<\/strong>, a\u00f1ade Bloomberg. Ambos pa\u00edses, subraya, se encuentran \u00aben profundas recesiones\u00bb y han tenido que tratar de equilibran \u00abla necesidad de mantener a la gente a salvo con el deseo de tratar de sacar provecho de una lucrativa temporada de verano\u00bb.<\/p>\n<p>Aunque S\u00e1nchez ha seguido participando en reuniones peri\u00f3dicas de crisis a distancia, la agencia internacional reconoce que su silencio p\u00fablico <strong>\u00abest\u00e1 muy lejos de los discursos semanales que pronunci\u00f3 en el momento m\u00e1s \u00e1lgido de la pandemia<\/strong>, cuando lleg\u00f3 a decir que Espa\u00f1a estaba en guerra\u00bb. En esa \u00e9poca, el gobierno organizaba conferencias de prensa diarias y en ocasiones incluso dos en un solo d\u00eda, para discutir sobre el virus.<\/p>\n<p>&#013;<br \/>\nSource: Bolsamania.com<\/p>\n","protected":false},"excerpt":{"rendered":"<p>Bloomberg a\u00f1ade que \u00abcada d\u00eda trae m\u00e1s malas noticias\u00bb a Espa\u00f1a y se\u00f1ala: \u00abCon la industria tur\u00edstica diezmada y la&#8230;<\/p>\n","protected":false},"author":3,"featured_media":22360,"comment_status":"open","ping_status":"closed","sticky":false,"template":"","format":"standard","meta":[],"categories":[104],"tags":[99],"_links":{"self":[{"href":"https:\/\/tuavaluo.com\/avaluo\/wp-json\/wp\/v2\/posts\/22359"}],"collection":[{"href":"https:\/\/tuavaluo.com\/avaluo\/wp-json\/wp\/v2\/posts"}],"about":[{"href":"https:\/\/tuavaluo.com\/avaluo\/wp-json\/wp\/v2\/types\/post"}],"author":[{"embeddable":true,"href":"https:\/\/tuavaluo.com\/avaluo\/wp-json\/wp\/v2\/users\/3"}],"replies":[{"embeddable":true,"href":"https:\/\/tuavaluo.com\/avaluo\/wp-json\/wp\/v2\/comments?post=22359"}],"version-history":[{"count":0,"href":"https:\/\/tuavaluo.com\/avaluo\/wp-json\/wp\/v2\/posts\/22359\/revisions"}],"wp:featuredmedia":[{"embeddable":true,"href":"https:\/\/tuavaluo.com\/avaluo\/wp-json\/wp\/v2\/media\/22360"}],"wp:attachment":[{"href":"https:\/\/tuavaluo.com\/avaluo\/wp-json\/wp\/v2\/media?parent=22359"}],"wp:term":[{"taxonomy":"category","embeddable":true,"href":"https:\/\/tuavaluo.com\/avaluo\/wp-json\/wp\/v2\/categories?post=22359"},{"taxonomy":"post_tag","embeddable":true,"href":"https:\/\/tuavaluo.com\/avaluo\/wp-json\/wp\/v2\/tags?post=22359"}],"curies":[{"name":"wp","href":"https:\/\/api.w.org\/{rel}","templated":true}]}}