{"id":22871,"date":"2020-09-01T09:43:39","date_gmt":"2020-09-01T09:43:39","guid":{"rendered":"https:\/\/tuavaluo.com\/avaluo\/2020\/09\/01\/el-bce-urge-a-la-consolidacion-bancaria-domestica-y-transnacional-tras-la-pandemia\/"},"modified":"2020-09-01T09:43:39","modified_gmt":"2020-09-01T09:43:39","slug":"el-bce-urge-a-la-consolidacion-bancaria-domestica-y-transnacional-tras-la-pandemia","status":"publish","type":"post","link":"https:\/\/tuavaluo.com\/avaluo\/2020\/09\/01\/el-bce-urge-a-la-consolidacion-bancaria-domestica-y-transnacional-tras-la-pandemia\/","title":{"rendered":"El BCE urge a la consolidaci\u00f3n bancaria &quot;dom\u00e9stica y transnacional&quot; tras la pandemia"},"content":{"rendered":"<div class=\"read-more-links\">\n<h5>Noticia relacionada<\/h5>\n<p><a class=\"readMore\" href=\"https:\/\/www.bolsamania.com\/noticias\/economia\/guindos-esperamos-que-la-inflacion-continue-a-la-baja-con-un-repunte-en-2021--7625534.html\" rel=\"noopener noreferrer\" target=\"_blank\" data-id=\"7625534\" rel=\"nofollow\" ><\/p>\n<figure><img class=\"lazy\" title=\"Leer m&#xE1;s\" data-original=\"https:\/\/img.s3wfg.com\/web\/img\/images_uploaded\/0\/7\/ep_economia-_guindos_reclama_fomentar_politicas_fiscales_para_converger_en_la_ue_y_sostener_las_285x185.jpg\" data-src=\"https:\/\/img.s3wfg.com\/web\/img\/images_uploaded\/0\/7\/ep_economia-_guindos_reclama_fomentar_politicas_fiscales_para_converger_en_la_ue_y_sostener_las_285x185.jpg\" \/><\/figure>\n<p>Guindos: \u00abEsperamos que la inflaci\u00f3n continue a la baja con un repunte en 2021\u00bb <\/a><\/div>\n<p>Seg\u00fan ha manifestado, durante su comparecencia en el curso de verano &#8216;El sistema financiero y la crisis del Covid 19. Retos y compromisos&#8217;, organizado por la Asociaci\u00f3n de Periodistas de Informaci\u00f3n Econ\u00f3mica (APIE) en la Universidad Internacional Men\u00e9ndez Pelayo, el uso de este instrumento ya estaba sobre la mesa antes del Covid y <strong>ahora se hace \u201cm\u00e1s urgente\u201d<\/strong>. Guindos ha argumentado que es una buena medida para solucionar los problemas de la banca que ya eran end\u00e9micos antes de la emergencia sanitaria mundial, como la<strong> \u201creestructuraci\u00f3n y la eliminaci\u00f3n excesos de costes del sector\u201d<\/strong>.<\/p>\n<p>Sin embargo, ha dejado claro que <strong>el banco central no tiene ning\u00fan plan para poner en marcha esta consolidaci\u00f3n<\/strong>. Sobre el caso concreto de Bankia, Guindos ha subrayado que no entra en particularidades y ha declinado hacer valoraciones sobre pa\u00edses o entidades bancarias.<\/p>\n<p>El banquiero central ha hecho hincapi\u00e9 tambi\u00e9n en la <strong>baja rentabilidad de las entidades de la zona euro<\/strong>, que tras la pandemia se ubica por debajo del 2% en 2020, mientras para 2021 repuntar\u00e1 hasta el 3% -frente al 6% en el que estaba antes del Covid y el 10% de los costes-, de acuerdo con las previsiones del supervisor bancario. Entre las razones, Guindos ha enumerado la consabida crisis, el incremento de las provisiones para encarar la pandemia y la ca\u00edda de los ingresos bancarios.<\/p>\n<p><strong>\u00abLa consecuencia inmediata es que las entidades tienen unas valoraciones muy reducidas\u00bb<\/strong>, ha proseguido el vicepresidente del BCE, \u00abque ya lo eran antes de la pandemia\u00bb y que han derivado en una ca\u00edda de las acciones de los bancos europeos, en concreto un 30% en la secotrial bancaria del eurostoxx. Ha contrapuesto a esta situaci\u00f3n el comportamiento del mercado de bonos bancarios, que se ha mostrado positivo, por lo que se da una divergencia entre ambos. Y tambi\u00e9n ha subrayado que, por ahora, las agencias rating no han llevado a cabo un ajuste a la baja generalizado de la calificaci\u00f3n crediticia de las entidades, pero s\u00ed han modificado las perspectivas de la banca europea.<\/p>\n<p>&#013;<br \/>\nSource: Bolsamania.com<\/p>\n","protected":false},"excerpt":{"rendered":"<p>Noticia relacionada Guindos: \u00abEsperamos que la inflaci\u00f3n continue a la baja con un repunte en 2021\u00bb Seg\u00fan ha manifestado, durante&#8230;<\/p>\n","protected":false},"author":3,"featured_media":22872,"comment_status":"open","ping_status":"closed","sticky":false,"template":"","format":"standard","meta":[],"categories":[104],"tags":[99],"_links":{"self":[{"href":"https:\/\/tuavaluo.com\/avaluo\/wp-json\/wp\/v2\/posts\/22871"}],"collection":[{"href":"https:\/\/tuavaluo.com\/avaluo\/wp-json\/wp\/v2\/posts"}],"about":[{"href":"https:\/\/tuavaluo.com\/avaluo\/wp-json\/wp\/v2\/types\/post"}],"author":[{"embeddable":true,"href":"https:\/\/tuavaluo.com\/avaluo\/wp-json\/wp\/v2\/users\/3"}],"replies":[{"embeddable":true,"href":"https:\/\/tuavaluo.com\/avaluo\/wp-json\/wp\/v2\/comments?post=22871"}],"version-history":[{"count":0,"href":"https:\/\/tuavaluo.com\/avaluo\/wp-json\/wp\/v2\/posts\/22871\/revisions"}],"wp:featuredmedia":[{"embeddable":true,"href":"https:\/\/tuavaluo.com\/avaluo\/wp-json\/wp\/v2\/media\/22872"}],"wp:attachment":[{"href":"https:\/\/tuavaluo.com\/avaluo\/wp-json\/wp\/v2\/media?parent=22871"}],"wp:term":[{"taxonomy":"category","embeddable":true,"href":"https:\/\/tuavaluo.com\/avaluo\/wp-json\/wp\/v2\/categories?post=22871"},{"taxonomy":"post_tag","embeddable":true,"href":"https:\/\/tuavaluo.com\/avaluo\/wp-json\/wp\/v2\/tags?post=22871"}],"curies":[{"name":"wp","href":"https:\/\/api.w.org\/{rel}","templated":true}]}}