{"id":22873,"date":"2020-09-01T09:43:05","date_gmt":"2020-09-01T09:43:05","guid":{"rendered":"https:\/\/tuavaluo.com\/avaluo\/2020\/09\/01\/guindos-esperamos-que-la-inflacion-continue-a-la-baja-con-un-repunte-en-2021-2\/"},"modified":"2020-09-01T09:43:05","modified_gmt":"2020-09-01T09:43:05","slug":"guindos-esperamos-que-la-inflacion-continue-a-la-baja-con-un-repunte-en-2021-2","status":"publish","type":"post","link":"https:\/\/tuavaluo.com\/avaluo\/2020\/09\/01\/guindos-esperamos-que-la-inflacion-continue-a-la-baja-con-un-repunte-en-2021-2\/","title":{"rendered":"Guindos: &quot;Esperamos que la inflaci\u00f3n continue a la baja, con un repunte en 2021&quot;"},"content":{"rendered":"<div class=\"read-more-links\">\n<h5>Noticia relacionada<\/h5>\n<p><a class=\"readMore\" href=\"https:\/\/www.bolsamania.com\/noticias\/empresas\/bce-urge-consolidacion-bancaria-domestica-transnacional-pandemia--7625521.html\" rel=\"noopener noreferrer\" target=\"_blank\" data-id=\"7625521\" rel=\"nofollow\" ><\/p>\n<figure><img class=\"lazy\" title=\"Leer m&#xE1;s\" data-original=\"https:\/\/img2.s3wfg.com\/web\/img\/images_uploaded\/2\/5\/ep_luis_de_guindos_vicepresidente_del_bce_285x185.jpg\" data-src=\"https:\/\/img2.s3wfg.com\/web\/img\/images_uploaded\/2\/5\/ep_luis_de_guindos_vicepresidente_del_bce_285x185.jpg\" \/><\/figure>\n<p>El BCE urge a la consolidaci\u00f3n bancaria \u00abdom\u00e9stica y transnacional\u00bb tras la pandemia <\/a><\/div>\n<p>Asimismo ha indicado que tambi\u00e9n \u00abhay efectos de oferta que se contraponen\u00bb, como que \u00ablas cadenas de producci\u00f3n mundiales van a ser cada vez m\u00e1s regionales\u00bb. Sin embargo, este panorama <strong>derivar\u00e1 en una \u00abrecuperaci\u00f3n incierta, incompleta y desigual por sectores y por pa\u00edses\u00bb<\/strong>, muy marcada por la evoluci\u00f3n de la pandemia y la llegada de una vacuna contra el Covid.<\/p>\n<p>En estos t\u00e9rminos se ha expresado durante su comparecencia en el curso de verano &#8216;El sistema financiero y la crisis del Covid 19. Retos y compromisos&#8217;, organizado por la Asociaci\u00f3n de Periodistas de Informaci\u00f3n Econ\u00f3mica (APIE) en la Universidad Internacional Men\u00e9ndez Pelayo, durante la que tambi\u00e9n ha repasado la actuaci\u00f3n del banco central durante la pandemia. As\u00ed, ha sacado pecho de la respuesta de la pol\u00edtica econ\u00f3mica con una \u00abrapidez e intensidad sin parang\u00f3n, nada que ver comparada con la crisis de 2012\u00bb.<\/p>\n<p>Ha valorado positivamente todas las acciones emprendidas, tanto desde el \u00e1mbito del supervisor monetario como de pol\u00edtica fiscal por parte de los pa\u00edses por separado y de la eurozona en conjunto, que <strong>ha sido \u00abr\u00e1pida e intensa\u00bb<\/strong>. Por su parte, ha valorado positivamente que se hayan conseguido los objetivos marcados con el pantagru\u00e9lico paquete de compra de activos de 1,35 billones, sumados a la expansi\u00f3n cuantitativa de 20.000 mensuales y a los 120.000 millones adicionales aprobados al inicio de la pandemia: \u00abMantener objetivo inflaci\u00f3n y evitar fragmentaci\u00f3n mercados y evitar contracci\u00f3n cr\u00e9dito, dada la magnitud de la crisis\u00bb.<\/p>\n<p><strong>EFECTOS ESTRUCTURALES<\/strong><\/p>\n<p>A juicio del banquero central, sin embargo, tras esta recuperaci\u00f3n que se prev\u00e9 asim\u00e9trica por parte del BCE, <strong>quedar\u00e1n defectos que persistir\u00e1n a largo plazo<\/strong>. \u00abAntes del Covid, ya avis\u00e1bamos de que hab\u00eda problemas de valoraci\u00f3n de activos muy elevados, apalancamiento del sector privado y p\u00fablico y problemas en los bancos y en fondos de inversi\u00f3n\u00bb, ha referido. Y ha destacado que la eurozona dejar\u00e1 atr\u00e1s la pandemia con un endeudamiento muy elevado, derivado de un \u00absalto importante en el ratio deuda\/PIB\u00bb.<\/p>\n<p>\u00abTeniendo en cuenta las pol\u00edticas fiscales expansivas <strong>nos encontraremos en Europa con un ratio que ha saltado 15 o 20 puntos<\/strong>\u00ab, situaci\u00f3n que es un \u00ablegado a largo plazo a consecuencia de la pandemia, de las medidas tomadas y de la contracci\u00f3n del PIB\u00bb. En el sector corporativo, ha avisado Guindos que el endeudamiento \u00abtambi\u00e9n va a crecer porque se han reducido los ingresos\u00bb, con todo, ha destacado algunas medidas como los ERTE que han aliviado los costes para las empresas.<\/p>\n<p>&#013;<br \/>\nSource: Bolsamania.com<\/p>\n","protected":false},"excerpt":{"rendered":"<p>Noticia relacionada El BCE urge a la consolidaci\u00f3n bancaria \u00abdom\u00e9stica y transnacional\u00bb tras la pandemia Asimismo ha indicado que tambi\u00e9n&#8230;<\/p>\n","protected":false},"author":3,"featured_media":22874,"comment_status":"open","ping_status":"closed","sticky":false,"template":"","format":"standard","meta":[],"categories":[104],"tags":[99],"_links":{"self":[{"href":"https:\/\/tuavaluo.com\/avaluo\/wp-json\/wp\/v2\/posts\/22873"}],"collection":[{"href":"https:\/\/tuavaluo.com\/avaluo\/wp-json\/wp\/v2\/posts"}],"about":[{"href":"https:\/\/tuavaluo.com\/avaluo\/wp-json\/wp\/v2\/types\/post"}],"author":[{"embeddable":true,"href":"https:\/\/tuavaluo.com\/avaluo\/wp-json\/wp\/v2\/users\/3"}],"replies":[{"embeddable":true,"href":"https:\/\/tuavaluo.com\/avaluo\/wp-json\/wp\/v2\/comments?post=22873"}],"version-history":[{"count":0,"href":"https:\/\/tuavaluo.com\/avaluo\/wp-json\/wp\/v2\/posts\/22873\/revisions"}],"wp:featuredmedia":[{"embeddable":true,"href":"https:\/\/tuavaluo.com\/avaluo\/wp-json\/wp\/v2\/media\/22874"}],"wp:attachment":[{"href":"https:\/\/tuavaluo.com\/avaluo\/wp-json\/wp\/v2\/media?parent=22873"}],"wp:term":[{"taxonomy":"category","embeddable":true,"href":"https:\/\/tuavaluo.com\/avaluo\/wp-json\/wp\/v2\/categories?post=22873"},{"taxonomy":"post_tag","embeddable":true,"href":"https:\/\/tuavaluo.com\/avaluo\/wp-json\/wp\/v2\/tags?post=22873"}],"curies":[{"name":"wp","href":"https:\/\/api.w.org\/{rel}","templated":true}]}}