{"id":23045,"date":"2020-09-03T11:57:49","date_gmt":"2020-09-03T11:57:49","guid":{"rendered":"https:\/\/tuavaluo.com\/avaluo\/2020\/09\/03\/sanchez-y-rufian-acuerdan-convocar-la-mesa-de-dialogo-para-mediados-de-septiembre\/"},"modified":"2020-09-03T11:57:49","modified_gmt":"2020-09-03T11:57:49","slug":"sanchez-y-rufian-acuerdan-convocar-la-mesa-de-dialogo-para-mediados-de-septiembre","status":"publish","type":"post","link":"https:\/\/tuavaluo.com\/avaluo\/2020\/09\/03\/sanchez-y-rufian-acuerdan-convocar-la-mesa-de-dialogo-para-mediados-de-septiembre\/","title":{"rendered":"S\u00e1nchez y Rufi\u00e1n acuerdan convocar la mesa de di\u00e1logo para mediados de septiembre"},"content":{"rendered":"<p>\u00abCreo que en este escenario ser\u00eda bueno no posponer otros conflictos y que el di\u00e1logo siguiera, <strong>que se cumplan los compromisos en la mesa<\/strong>\u00ab, ha expresado Rufi\u00e1n en la rueda de prensa posterior a la reuni\u00f3n que se ha celebrado en La Moncloa.<\/p>\n<p>\u00ab\u00bfLa mesa de di\u00e1logo es una condici\u00f3n? Nosotros hacemos pol\u00edtica y creemos que <strong>para que nos pidan un segundo acuerdo tienen que cumplir el primero<\/strong>\u00ab, ha dicho el portavoz de ERC al pronunciarse sobre el apoyo de su partido a la aprobaci\u00f3n de unos nuevos Presupuestos Generales del Estado.<\/p>\n<p>Adem\u00e1s, ha vuelto a negar a seguir el mismo camino junto a Ciudadanos, que este mi\u00e9rcoles se mostr\u00f3 abierto a negociar las cuentas p\u00fablicas. \u00abGobernar es elegir. Y no siempre la opci\u00f3n m\u00e1s f\u00e1cil es lo conveniente o lo bueno\u00bb, cree Rufi\u00e1n, que ha se\u00f1alado que <strong>\u00abes falso, es mentira decir que unos Presupuestos no tienen ideolog\u00eda\u00bb<\/strong> y \u00abes tramposo decir que da igual si es con un gobierno de derechas, como Ciudadanos, o de izquierdas, como ERC\u00bb. \u00abCualquier partido m\u00ednimamente progresista no pactar\u00eda con Ciudadanos\u00bb, ha a\u00f1adido.<\/p>\n<p>De hecho, Rufi\u00e1n se ha mostrado contundente sobre su incompatibilidad con el partido de In\u00e9s Arrimadas. \u00abPactar con Ciudadanos quiz\u00e1s sea m\u00e1s goloso hoy\u00bb, pero \u00aba veces lo sencillo no es compatible con lo mejor\u00bb. \u00abPactar unos Presupuestos con Ciudadanos solo comporta pol\u00edticas regresivas, recortes e incomodidades terribles y, a la larga, <strong>la muerte de este Gobierno<\/strong>\u00ab.<\/p>\n<p>Sobre el posible veto de unos partidos a otros a la hora de negociar los Presupuestos, el portavoz de ERC ha dejado claro que \u00abArrimadas y compa\u00f1\u00eda dicen que quieren que los Presupuestos no se pacten en un despacho con Iglesias y Rufi\u00e1n. La gente de izquierdas <strong>quiere que los Presupuestos no se pacten en un despacho del Ibex<\/strong>\u00ab.<\/p>\n<\/p>\n<p>&#013;<br \/>\nSource: Bolsamania.com<\/p>\n","protected":false},"excerpt":{"rendered":"<p>\u00abCreo que en este escenario ser\u00eda bueno no posponer otros conflictos y que el di\u00e1logo siguiera, que se cumplan los&#8230;<\/p>\n","protected":false},"author":3,"featured_media":0,"comment_status":"open","ping_status":"closed","sticky":false,"template":"","format":"standard","meta":[],"categories":[104],"tags":[99],"_links":{"self":[{"href":"https:\/\/tuavaluo.com\/avaluo\/wp-json\/wp\/v2\/posts\/23045"}],"collection":[{"href":"https:\/\/tuavaluo.com\/avaluo\/wp-json\/wp\/v2\/posts"}],"about":[{"href":"https:\/\/tuavaluo.com\/avaluo\/wp-json\/wp\/v2\/types\/post"}],"author":[{"embeddable":true,"href":"https:\/\/tuavaluo.com\/avaluo\/wp-json\/wp\/v2\/users\/3"}],"replies":[{"embeddable":true,"href":"https:\/\/tuavaluo.com\/avaluo\/wp-json\/wp\/v2\/comments?post=23045"}],"version-history":[{"count":0,"href":"https:\/\/tuavaluo.com\/avaluo\/wp-json\/wp\/v2\/posts\/23045\/revisions"}],"wp:attachment":[{"href":"https:\/\/tuavaluo.com\/avaluo\/wp-json\/wp\/v2\/media?parent=23045"}],"wp:term":[{"taxonomy":"category","embeddable":true,"href":"https:\/\/tuavaluo.com\/avaluo\/wp-json\/wp\/v2\/categories?post=23045"},{"taxonomy":"post_tag","embeddable":true,"href":"https:\/\/tuavaluo.com\/avaluo\/wp-json\/wp\/v2\/tags?post=23045"}],"curies":[{"name":"wp","href":"https:\/\/api.w.org\/{rel}","templated":true}]}}