{"id":23317,"date":"2020-09-08T14:15:32","date_gmt":"2020-09-08T14:15:32","guid":{"rendered":"https:\/\/tuavaluo.com\/avaluo\/2020\/09\/08\/faes-farma-sube-uno-de-sus-farmacos-reduce-el-ingreso-en-uci-en-pacientes-covid\/"},"modified":"2020-09-08T14:15:32","modified_gmt":"2020-09-08T14:15:32","slug":"faes-farma-sube-uno-de-sus-farmacos-reduce-el-ingreso-en-uci-en-pacientes-covid","status":"publish","type":"post","link":"https:\/\/tuavaluo.com\/avaluo\/2020\/09\/08\/faes-farma-sube-uno-de-sus-farmacos-reduce-el-ingreso-en-uci-en-pacientes-covid\/","title":{"rendered":"Faes Farma sube: uno de sus f\u00e1rmacos reduce el ingreso en UCI en pacientes Covid"},"content":{"rendered":"<p>As\u00ed lo ha anunciado la compa\u00f1\u00eda en un comunicado remitido a la Comisi\u00f3n Nacional del Mercado de Valores (CNMV), en el que explica que este estudio \u00abefectuado hace unos meses\u00bb y publicado en el \u00faltimo n\u00famero de <em>The Journal of Steroid Biochemistry and Molecular Biology<\/em>, ha probado que \u00abla administraci\u00f3n de altas dosis de calcifediol\u00bb, metabolito m\u00e1s activo del sistema endocrino de la vitamina D, a pacientes hospitalizados con coronavirus \u00abredujo significativamente su necesidad de ingreso en UCI\u00bb.<\/p>\n<p>En el estudio participaron 76 pacientes hospitalizados en el Hospital Reina Sof\u00eda de C\u00f3rdoba con PCR confirmada, con S\u00edndrome de Dificultad Respiratoria Aguda (SDRA) y patr\u00f3n radiol\u00f3gico de neumon\u00eda viral, que recibieron el tratamiento est\u00e1ndar establecido por los protocolos cl\u00ednicos del momento como el mejor posible.<\/p>\n<p>\u00abDe los 50 pacientes tratados con calcifediol oral en c\u00e1psulas blandas, s\u00f3lo 1 requiri\u00f3 ingreso en UCI (2%), frente a los 13 del grupo que no fue suplementado (50%)\u00bb, explica Faes Farma en su nota, en la que remarca que \u00abel riesgo de ingreso en UCI fue un 97% inferior en los pacientes tratados con calcifediol respecto a los que no lo recibieron\u00bb.<\/p>\n<p>Hasta la fecha, varios estudios previos apuntaban a un posible efecto beneficioso de la activaci\u00f3n del sistema hormonal D en la prevenci\u00f3n de infecciones respiratorias o en la evoluci\u00f3n cl\u00ednica del SDRA inducido por varias causas. Seg\u00fan los resultados del estudio, y de confirmarse sus conclusiones en posteriores ensayos cl\u00ednicos, \u00abcalcifediol podr\u00eda suponer un tratamiento clave en pacientes hospitalizados por Covid-19 por reducir el riesgo de aparici\u00f3n de SDRA, presente en un 20% de los pacientes\u00bb.<\/p>\n<p>\u00abLos datos parecen avalar la hip\u00f3tesis antes expresada de que la activaci\u00f3n del sistema hormonal D podr\u00eda reducir el riesgo de aparici\u00f3n de SDRA en pacientes afectados por Covid-19 y reducir esta patolog\u00eda\u00bb, explica Faes Farma, que se\u00f1ala que los autores del estudio aconsejan \u00abcontinuar en esta l\u00ednea de investigaci\u00f3n con un grupo m\u00e1s amplio de pacientes para confirmar esta hip\u00f3tesis de manera definitiva\u00bb.<\/p>\n<p>&#013;<br \/>\nSource: Bolsamania.com<\/p>\n","protected":false},"excerpt":{"rendered":"<p>As\u00ed lo ha anunciado la compa\u00f1\u00eda en un comunicado remitido a la Comisi\u00f3n Nacional del Mercado de Valores (CNMV), en&#8230;<\/p>\n","protected":false},"author":3,"featured_media":0,"comment_status":"open","ping_status":"closed","sticky":false,"template":"","format":"standard","meta":[],"categories":[104],"tags":[99],"_links":{"self":[{"href":"https:\/\/tuavaluo.com\/avaluo\/wp-json\/wp\/v2\/posts\/23317"}],"collection":[{"href":"https:\/\/tuavaluo.com\/avaluo\/wp-json\/wp\/v2\/posts"}],"about":[{"href":"https:\/\/tuavaluo.com\/avaluo\/wp-json\/wp\/v2\/types\/post"}],"author":[{"embeddable":true,"href":"https:\/\/tuavaluo.com\/avaluo\/wp-json\/wp\/v2\/users\/3"}],"replies":[{"embeddable":true,"href":"https:\/\/tuavaluo.com\/avaluo\/wp-json\/wp\/v2\/comments?post=23317"}],"version-history":[{"count":0,"href":"https:\/\/tuavaluo.com\/avaluo\/wp-json\/wp\/v2\/posts\/23317\/revisions"}],"wp:attachment":[{"href":"https:\/\/tuavaluo.com\/avaluo\/wp-json\/wp\/v2\/media?parent=23317"}],"wp:term":[{"taxonomy":"category","embeddable":true,"href":"https:\/\/tuavaluo.com\/avaluo\/wp-json\/wp\/v2\/categories?post=23317"},{"taxonomy":"post_tag","embeddable":true,"href":"https:\/\/tuavaluo.com\/avaluo\/wp-json\/wp\/v2\/tags?post=23317"}],"curies":[{"name":"wp","href":"https:\/\/api.w.org\/{rel}","templated":true}]}}