{"id":23525,"date":"2020-09-11T10:54:50","date_gmt":"2020-09-11T10:54:50","guid":{"rendered":"https:\/\/tuavaluo.com\/avaluo\/2020\/09\/11\/el-constitucional-mantiene-las-ordenes-de-busca-y-captura-para-puigdemont-y-comin\/"},"modified":"2020-09-11T10:54:50","modified_gmt":"2020-09-11T10:54:50","slug":"el-constitucional-mantiene-las-ordenes-de-busca-y-captura-para-puigdemont-y-comin","status":"publish","type":"post","link":"https:\/\/tuavaluo.com\/avaluo\/2020\/09\/11\/el-constitucional-mantiene-las-ordenes-de-busca-y-captura-para-puigdemont-y-comin\/","title":{"rendered":"El Constitucional mantiene las \u00f3rdenes de busca y captura para Puigdemont y Com\u00edn"},"content":{"rendered":"<div class=\"read-more-links\">\n<h5>Noticia relacionada<\/h5>\n<p><a class=\"readMore\" href=\"https:\/\/www.bolsamania.com\/noticias\/espana\/cataluna-celebra-viernes-diada-marcada-coronavirus--7638044.html\" rel=\"noopener noreferrer\" target=\"_blank\" data-id=\"7638044\" rel=\"nofollow\" ><\/p>\n<figure><img class=\"lazy\" title=\"Leer m&#xE1;s\" data-original=\"https:\/\/img1.s3wfg.com\/web\/img\/images_uploaded\/0\/f\/diada_portada_285x185.jpg\" data-src=\"https:\/\/img1.s3wfg.com\/web\/img\/images_uploaded\/0\/f\/diada_portada_285x185.jpg\" \/><\/figure>\n<p>Catalu\u00f1a celebra este viernes una Diada marcada por el coronavirus <\/a><\/div>\n<p>As\u00ed lo acuerda por unanimidad el TC en un auto en el que <strong>mantiene dichas \u00f3rdenes decretadas respecto a ambos procesados en rebeld\u00eda<\/strong> por el magistrado del Tribunal Supremo Pablo Llarena, instructor de la causa seguida por el proceso de independencia de Catalu\u00f1a.<\/p>\n<p>El auto, cuyo ponente ha sido el magistrado C\u00e1ndido Conde-Pumpido, explica que la suspensi\u00f3n solicitada por los l\u00edderes independentistas <strong>acarrear\u00eda una \u00abperturbaci\u00f3n de la funci\u00f3n jurisdiccional\u00bb<\/strong>, y supondr\u00eda una injerencia en las decisiones adoptadas por la jurisdicci\u00f3n ordinaria.<\/p>\n<p>A\u00f1ade que asuntos como \u00e9ste ha de ser abordado \u00abcon suma cautela, caso a caso\u00bb, para evitar que el Constitucional acabe desempe\u00f1ando funciones que le est\u00e1n constitucionalmente vedadas por ser propias del juez ordinario del caso.<\/p>\n<p>&#013;<br \/>\nSource: Bolsamania.com<\/p>\n","protected":false},"excerpt":{"rendered":"<p>Noticia relacionada Catalu\u00f1a celebra este viernes una Diada marcada por el coronavirus As\u00ed lo acuerda por unanimidad el TC en&#8230;<\/p>\n","protected":false},"author":3,"featured_media":23526,"comment_status":"open","ping_status":"closed","sticky":false,"template":"","format":"standard","meta":[],"categories":[104],"tags":[99],"_links":{"self":[{"href":"https:\/\/tuavaluo.com\/avaluo\/wp-json\/wp\/v2\/posts\/23525"}],"collection":[{"href":"https:\/\/tuavaluo.com\/avaluo\/wp-json\/wp\/v2\/posts"}],"about":[{"href":"https:\/\/tuavaluo.com\/avaluo\/wp-json\/wp\/v2\/types\/post"}],"author":[{"embeddable":true,"href":"https:\/\/tuavaluo.com\/avaluo\/wp-json\/wp\/v2\/users\/3"}],"replies":[{"embeddable":true,"href":"https:\/\/tuavaluo.com\/avaluo\/wp-json\/wp\/v2\/comments?post=23525"}],"version-history":[{"count":0,"href":"https:\/\/tuavaluo.com\/avaluo\/wp-json\/wp\/v2\/posts\/23525\/revisions"}],"wp:featuredmedia":[{"embeddable":true,"href":"https:\/\/tuavaluo.com\/avaluo\/wp-json\/wp\/v2\/media\/23526"}],"wp:attachment":[{"href":"https:\/\/tuavaluo.com\/avaluo\/wp-json\/wp\/v2\/media?parent=23525"}],"wp:term":[{"taxonomy":"category","embeddable":true,"href":"https:\/\/tuavaluo.com\/avaluo\/wp-json\/wp\/v2\/categories?post=23525"},{"taxonomy":"post_tag","embeddable":true,"href":"https:\/\/tuavaluo.com\/avaluo\/wp-json\/wp\/v2\/tags?post=23525"}],"curies":[{"name":"wp","href":"https:\/\/api.w.org\/{rel}","templated":true}]}}