{"id":23538,"date":"2020-09-11T13:27:54","date_gmt":"2020-09-11T13:27:54","guid":{"rendered":"https:\/\/tuavaluo.com\/avaluo\/2020\/09\/11\/los-planes-de-pensiones-europeos-no-estan-en-la-agenda-politica\/"},"modified":"2020-09-11T13:27:54","modified_gmt":"2020-09-11T13:27:54","slug":"los-planes-de-pensiones-europeos-no-estan-en-la-agenda-politica","status":"publish","type":"post","link":"https:\/\/tuavaluo.com\/avaluo\/2020\/09\/11\/los-planes-de-pensiones-europeos-no-estan-en-la-agenda-politica\/","title":{"rendered":"Los planes de pensiones europeos no est\u00e1n en la agenda pol\u00edtica"},"content":{"rendered":"<p>Con m\u00e1s de un a\u00f1o y medio de retraso desde que en enero de 2019 se aprobara la directiva europea, <strong>seguimos sin querer traer a Espa\u00f1a unos planes m\u00e1s baratos que los nuestros y que incentivar\u00edan el ahorro entre j\u00f3venes y trabajadores<\/strong> para la jubilaci\u00f3n. Mientras, el ministro habla ahora de crear planes de pensiones colectivos para atraer a los m\u00e1s j\u00f3venes\u2026como si los otros no existieran. Una vez m\u00e1s, posponiendo soluciones porque esto no se consigue de un d\u00eda para otro, ni mucho menos.<\/p>\n<p>De todas formas \u00bfc\u00f3mo pretender incentivar el ahorro de los j\u00f3venes si la tasa de desempleo de los menores de 25 a\u00f1os es del 39,6% seg\u00fan los datos de la Encuesta de Poblaci\u00f3n Activa del segundo semestre del a\u00f1o? Con <strong>un salario medio bruto anual de unos 24.000 euros por trabajador, que no llega para casarse, educar a los hijos o comprar una vivienda<\/strong>, es para dudar y mucho, no de las intenciones pol\u00edticas, sino de los resultados que pueden esperarse.<\/p>\n<p>Tambi\u00e9n se ha hablado de <strong>aumentar la edad de jubilaci\u00f3n a los 67 a\u00f1os<\/strong>, como ya hicieron antes Zapatero y Rajoy, as\u00ed como penalizar las jubilaciones anticipadas. Con un mercado laboral que no es capaz de absorber ni de lejos a los estudiantes preparados que salen de las universidades, me temo que les estamos poniendo otra piedra m\u00e1s en la mochila de su futuro al evitar no solo que los mayores puedan dejar de trabajar antes, sino manteni\u00e9ndoles m\u00e1s tiempo en sus puestos de trabajo.<\/p>\n<p>El colmo es que, aun reconociendo un d\u00e9ficit de la Seguridad Social del 2% del PIB para 2020 por la pandemia, se considere como algo \u201ctransitorio\u201d. No aprendemos o no queremos ver lo que est\u00e1 pasando desde hace ya muchos a\u00f1os: <strong>el sistema de pensiones es deficitario y no vale poner m\u00e1s pa\u00f1os calientes<\/strong>.<\/p>\n<p>Esperemos que estas propuestas se estudien bien, se detallen, se modifiquen y se ampl\u00eden con el consenso de todos los partidos. Pero si alguien cree que no se va a tocar el importe de las prestaciones en los pr\u00f3ximos a\u00f1os, como dicen todos los partidos pol\u00edticos, que me lo explique. Porque por m\u00e1s vueltas que le doy, no lo veo posible.<\/p>\n<p>&#013;<br \/>\nSource: Bolsamania.com<\/p>\n","protected":false},"excerpt":{"rendered":"<p>Con m\u00e1s de un a\u00f1o y medio de retraso desde que en enero de 2019 se aprobara la directiva europea,&#8230;<\/p>\n","protected":false},"author":3,"featured_media":0,"comment_status":"open","ping_status":"closed","sticky":false,"template":"","format":"standard","meta":[],"categories":[104],"tags":[99],"_links":{"self":[{"href":"https:\/\/tuavaluo.com\/avaluo\/wp-json\/wp\/v2\/posts\/23538"}],"collection":[{"href":"https:\/\/tuavaluo.com\/avaluo\/wp-json\/wp\/v2\/posts"}],"about":[{"href":"https:\/\/tuavaluo.com\/avaluo\/wp-json\/wp\/v2\/types\/post"}],"author":[{"embeddable":true,"href":"https:\/\/tuavaluo.com\/avaluo\/wp-json\/wp\/v2\/users\/3"}],"replies":[{"embeddable":true,"href":"https:\/\/tuavaluo.com\/avaluo\/wp-json\/wp\/v2\/comments?post=23538"}],"version-history":[{"count":0,"href":"https:\/\/tuavaluo.com\/avaluo\/wp-json\/wp\/v2\/posts\/23538\/revisions"}],"wp:attachment":[{"href":"https:\/\/tuavaluo.com\/avaluo\/wp-json\/wp\/v2\/media?parent=23538"}],"wp:term":[{"taxonomy":"category","embeddable":true,"href":"https:\/\/tuavaluo.com\/avaluo\/wp-json\/wp\/v2\/categories?post=23538"},{"taxonomy":"post_tag","embeddable":true,"href":"https:\/\/tuavaluo.com\/avaluo\/wp-json\/wp\/v2\/tags?post=23538"}],"curies":[{"name":"wp","href":"https:\/\/api.w.org\/{rel}","templated":true}]}}