{"id":23874,"date":"2020-09-17T10:46:40","date_gmt":"2020-09-17T10:46:40","guid":{"rendered":"https:\/\/tuavaluo.com\/avaluo\/2020\/09\/17\/torra-critica-la-falta-de-imparcialidad-del-tribunal-supremo-y-pide-su-absolucion\/"},"modified":"2020-09-17T10:46:40","modified_gmt":"2020-09-17T10:46:40","slug":"torra-critica-la-falta-de-imparcialidad-del-tribunal-supremo-y-pide-su-absolucion","status":"publish","type":"post","link":"https:\/\/tuavaluo.com\/avaluo\/2020\/09\/17\/torra-critica-la-falta-de-imparcialidad-del-tribunal-supremo-y-pide-su-absolucion\/","title":{"rendered":"Torra critica la &quot;falta de imparcialidad&quot; del Tribunal Supremo y pide su absoluci\u00f3n"},"content":{"rendered":"<div class=\"read-more-links\">\n<h5>Noticia relacionada<\/h5>\n<p><a class=\"readMore\" href=\"https:\/\/www.bolsamania.com\/noticias\/politica\/torra-blinda-el-govern-ante-su-eventual-inhabilitacion-y-destituye-a-tres-consellers--7628774.html\" rel=\"noopener noreferrer\" target=\"_blank\" data-id=\"7628774\" rel=\"nofollow\" ><\/p>\n<figure><img class=\"lazy\" title=\"Leer m&#xE1;s\" data-original=\"https:\/\/img4.s3wfg.com\/web\/img\/images_uploaded\/4\/a\/ep_el_presidente_de_la_generalitat_quim_torra_en_una_imagen_de_archivo_en_una_reunion_extraordinaria_285x185.jpg\" data-src=\"https:\/\/img4.s3wfg.com\/web\/img\/images_uploaded\/4\/a\/ep_el_presidente_de_la_generalitat_quim_torra_en_una_imagen_de_archivo_en_una_reunion_extraordinaria_285x185.jpg\" \/><\/figure>\n<p>Torra blinda el Govern ante su eventual inhabilitaci\u00f3n y reemplaza a tres consellers <\/a><\/div>\n<p>Torra fue inhabilitado por desobediencia tras <strong>mantener en la fachada del Palau de la Generalitat<\/strong> s\u00edmbolos independentistas y una pancarta por la libertad de los presos del 1-O. Su defensa ha alegado que era \u00abuna cr\u00edtica\u00bb a la sentencia del Tribunal Supremo sobre los l\u00edderes independentistas, por lo que los cinco magistrados que componen el tribunal no son objetivos a la hora de juzgarle.<\/p>\n<p>Antes de la vista, Torra denunci\u00f3 en el recurso de casaci\u00f3n que <strong>quieren apartarle ilegal e ileg\u00edtimamente de su cargo<\/strong>. Adem\u00e1s, apunt\u00f3 a una \u00abclara intencionalidad pol\u00edtica que, a su vez, tiene serios indicios de constituir una palmaria persecuci\u00f3n pol\u00edtica\u00bb por parte de los denunciantes y del tribunal.<\/p>\n<p>Tambi\u00e9n invoc\u00f3 la vulneraci\u00f3n del derecho a un juez imparcial y lament\u00f3 \u00abla falta de imparcialidad\u00bb de los miembros de la Junta Electoral Central (JEC), del magistrado instructor y del tribunal que le juzg\u00f3, por sus posicionamientos p\u00fablicos contra el proceso soberanista y sus representantes.<\/p>\n<p>&#013;<br \/>\nSource: Bolsamania.com<\/p>\n","protected":false},"excerpt":{"rendered":"<p>Noticia relacionada Torra blinda el Govern ante su eventual inhabilitaci\u00f3n y reemplaza a tres consellers Torra fue inhabilitado por desobediencia&#8230;<\/p>\n","protected":false},"author":3,"featured_media":23875,"comment_status":"open","ping_status":"closed","sticky":false,"template":"","format":"standard","meta":[],"categories":[104],"tags":[99],"_links":{"self":[{"href":"https:\/\/tuavaluo.com\/avaluo\/wp-json\/wp\/v2\/posts\/23874"}],"collection":[{"href":"https:\/\/tuavaluo.com\/avaluo\/wp-json\/wp\/v2\/posts"}],"about":[{"href":"https:\/\/tuavaluo.com\/avaluo\/wp-json\/wp\/v2\/types\/post"}],"author":[{"embeddable":true,"href":"https:\/\/tuavaluo.com\/avaluo\/wp-json\/wp\/v2\/users\/3"}],"replies":[{"embeddable":true,"href":"https:\/\/tuavaluo.com\/avaluo\/wp-json\/wp\/v2\/comments?post=23874"}],"version-history":[{"count":0,"href":"https:\/\/tuavaluo.com\/avaluo\/wp-json\/wp\/v2\/posts\/23874\/revisions"}],"wp:featuredmedia":[{"embeddable":true,"href":"https:\/\/tuavaluo.com\/avaluo\/wp-json\/wp\/v2\/media\/23875"}],"wp:attachment":[{"href":"https:\/\/tuavaluo.com\/avaluo\/wp-json\/wp\/v2\/media?parent=23874"}],"wp:term":[{"taxonomy":"category","embeddable":true,"href":"https:\/\/tuavaluo.com\/avaluo\/wp-json\/wp\/v2\/categories?post=23874"},{"taxonomy":"post_tag","embeddable":true,"href":"https:\/\/tuavaluo.com\/avaluo\/wp-json\/wp\/v2\/tags?post=23874"}],"curies":[{"name":"wp","href":"https:\/\/api.w.org\/{rel}","templated":true}]}}