{"id":24156,"date":"2020-09-22T15:16:01","date_gmt":"2020-09-22T15:16:01","guid":{"rendered":"https:\/\/tuavaluo.com\/avaluo\/2020\/09\/22\/aplazan-el-consejo-europeo-por-la-cuarentena-de-su-presidente-charles-michel\/"},"modified":"2020-09-22T15:16:01","modified_gmt":"2020-09-22T15:16:01","slug":"aplazan-el-consejo-europeo-por-la-cuarentena-de-su-presidente-charles-michel","status":"publish","type":"post","link":"https:\/\/tuavaluo.com\/avaluo\/2020\/09\/22\/aplazan-el-consejo-europeo-por-la-cuarentena-de-su-presidente-charles-michel\/","title":{"rendered":"Aplazan el Consejo Europeo por la cuarentena de su presidente, Charles Michel"},"content":{"rendered":"<p>Pese a que Michel ha dado negativo, ha decidido respetar la legislaci\u00f3n del pa\u00eds y aplazar la cumbre, que se iba a celebrar el 24 y 25 de septiembre, al 1 y 2 de octubre.<\/p>\n<p>La reuni\u00f3n, a la que iba a atender entre otros el presidente del Gobierno, Pedro S\u00e1nchez, ten\u00eda previsto tratar temas como las sanciones a Turqu\u00eda y Bielorrusia y la estrategia de inmigraci\u00f3n. <\/p>\n<\/p>\n<p>&#013;<br \/>\nSource: Bolsamania.com<\/p>\n","protected":false},"excerpt":{"rendered":"<p>Pese a que Michel ha dado negativo, ha decidido respetar la legislaci\u00f3n del pa\u00eds y aplazar la cumbre, que se&#8230;<\/p>\n","protected":false},"author":3,"featured_media":0,"comment_status":"open","ping_status":"closed","sticky":false,"template":"","format":"standard","meta":[],"categories":[104],"tags":[99],"_links":{"self":[{"href":"https:\/\/tuavaluo.com\/avaluo\/wp-json\/wp\/v2\/posts\/24156"}],"collection":[{"href":"https:\/\/tuavaluo.com\/avaluo\/wp-json\/wp\/v2\/posts"}],"about":[{"href":"https:\/\/tuavaluo.com\/avaluo\/wp-json\/wp\/v2\/types\/post"}],"author":[{"embeddable":true,"href":"https:\/\/tuavaluo.com\/avaluo\/wp-json\/wp\/v2\/users\/3"}],"replies":[{"embeddable":true,"href":"https:\/\/tuavaluo.com\/avaluo\/wp-json\/wp\/v2\/comments?post=24156"}],"version-history":[{"count":0,"href":"https:\/\/tuavaluo.com\/avaluo\/wp-json\/wp\/v2\/posts\/24156\/revisions"}],"wp:attachment":[{"href":"https:\/\/tuavaluo.com\/avaluo\/wp-json\/wp\/v2\/media?parent=24156"}],"wp:term":[{"taxonomy":"category","embeddable":true,"href":"https:\/\/tuavaluo.com\/avaluo\/wp-json\/wp\/v2\/categories?post=24156"},{"taxonomy":"post_tag","embeddable":true,"href":"https:\/\/tuavaluo.com\/avaluo\/wp-json\/wp\/v2\/tags?post=24156"}],"curies":[{"name":"wp","href":"https:\/\/api.w.org\/{rel}","templated":true}]}}