{"id":24237,"date":"2020-09-23T14:48:56","date_gmt":"2020-09-23T14:48:56","guid":{"rendered":"https:\/\/tuavaluo.com\/avaluo\/2020\/09\/23\/gsma-pospone-la-edicion-de-2021-del-mobile-world-congress-de-barcelona-a-finales-de-junio\/"},"modified":"2020-09-23T14:48:56","modified_gmt":"2020-09-23T14:48:56","slug":"gsma-pospone-la-edicion-de-2021-del-mobile-world-congress-de-barcelona-a-finales-de-junio","status":"publish","type":"post","link":"https:\/\/tuavaluo.com\/avaluo\/2020\/09\/23\/gsma-pospone-la-edicion-de-2021-del-mobile-world-congress-de-barcelona-a-finales-de-junio\/","title":{"rendered":"GSMA pospone la edici\u00f3n de 2021 del Mobile World Congress de Barcelona a finales de junio"},"content":{"rendered":"<p>La organizaci\u00f3n del MWC considera que <strong>la evoluci\u00f3n de la pandemia no hace aconsejable mantener las fechas<\/strong> para el mayor evento tecnol\u00f3gico del mundo.<\/p>\n<p>El consejero delegado de la GSMA, John Hoffman, ha anunciado este mi\u00e9rcoles que el Mobile World Congress (MWC) se aplazar\u00e1 de la primera semana de marzo a finales de junio de 2021 por la crisis del coronavirus, en una rueda de prensa en Barcelona. La GSMA asegura estar comprometida para que MWC21 Barcelona pueda llevarse a cabo con seguridad e <strong>introducir\u00e1 convocatorias telem\u00e1ticas<\/strong> para afrontar la demanda de asistentes.<\/p>\n<p>Hoffman, que ha volado este mi\u00e9rcoles a Barcelona, ha explicado que se trata de una reorganizaci\u00f3n que no se volver\u00e1 a repetir y que en 2022 el MWC de Barcelona volver\u00e1 a febrero y Shangai a verano, y que el motivo principal es garantizar una mayor presencialidad.<\/p>\n<p>Asimismo, ha destacado que <strong>el congreso de Barcelona seguir\u00e1 \u00absiendo m\u00e1s grande\u00bb que Shanghai<\/strong> a pesar del aplazamiento, que lo ha justificado porque habr\u00e1 una situaci\u00f3n m\u00e1s estable con la pandemia.<\/p>\n<p>\u00abBarcelona es nuestro buque insignia del MWC y quer\u00edamos garantizar el m\u00e1ximo de asistentes presenciales\u00bb, ha justificado el consejero delegado de GSMA.<\/p>\n<p>Preguntado por si la peor situaci\u00f3n de coronavirus en Espa\u00f1a y Europa respecto a China ha influido en la decisi\u00f3n, Hoffman ha respondido que <strong>posponiendo la fecha \u00abse dar\u00eda m\u00e1s tiempo a la vacuna\u00bb<\/strong> y que en el pa\u00eds asi\u00e1tico ya se est\u00e1n empezando a celebrar eventos con miles de personas, por lo que era una oportunidad de reservar la fecha.<\/p>\n<p>Por el momento, el congreso en Barcelona tiene reservado el 78% de los expositores y se espera que llegue al 83% o al 85%, lo que equivaldr\u00eda a unas 700 empresas.<\/p>\n<p>Hoffman ha asegurado que la fecha no se volver\u00e1 a modificar y que de esta manera \u00abBarcelona celebrar\u00e1 dos MWC en menos de ocho meses.<\/p>\n<h4>APOYO DE LAS ADMINISTRACIONES<\/h4>\n<p>Preguntado por qu\u00e9 no ha comparecido acompa\u00f1ado por representantes de las administraciones involucradas en el evento, Hoffman ha se\u00f1alado que el \u00abalineamiento ha sido total\u00bb despu\u00e9s de comunicar la decisi\u00f3n, y ha destacado que <strong>se hab\u00eda visto con representantes de casi todas estas instituciones.<\/strong><\/p>\n<p>\u00abTodos han mostrado su apoyo\u00bb, ha afirmado Hoffman, que ha reiterado la voluntad de la GSMA de que el congreso de 2021 sea el mejor MWC de la historia.<\/p>\n<p>La GSMA asegura estar comprometida para que MWC21 Barcelona pueda llevarse a cabo con seguridad e introducir\u00e1 convocatorias telem\u00e1ticas para afrontar la demanda de asistentes.<\/p>\n<p>&#013;<br \/>\nSource: Bolsamania.com<\/p>\n","protected":false},"excerpt":{"rendered":"<p>La organizaci\u00f3n del MWC considera que la evoluci\u00f3n de la pandemia no hace aconsejable mantener las fechas para el mayor&#8230;<\/p>\n","protected":false},"author":3,"featured_media":0,"comment_status":"open","ping_status":"closed","sticky":false,"template":"","format":"standard","meta":[],"categories":[104],"tags":[99],"_links":{"self":[{"href":"https:\/\/tuavaluo.com\/avaluo\/wp-json\/wp\/v2\/posts\/24237"}],"collection":[{"href":"https:\/\/tuavaluo.com\/avaluo\/wp-json\/wp\/v2\/posts"}],"about":[{"href":"https:\/\/tuavaluo.com\/avaluo\/wp-json\/wp\/v2\/types\/post"}],"author":[{"embeddable":true,"href":"https:\/\/tuavaluo.com\/avaluo\/wp-json\/wp\/v2\/users\/3"}],"replies":[{"embeddable":true,"href":"https:\/\/tuavaluo.com\/avaluo\/wp-json\/wp\/v2\/comments?post=24237"}],"version-history":[{"count":0,"href":"https:\/\/tuavaluo.com\/avaluo\/wp-json\/wp\/v2\/posts\/24237\/revisions"}],"wp:attachment":[{"href":"https:\/\/tuavaluo.com\/avaluo\/wp-json\/wp\/v2\/media?parent=24237"}],"wp:term":[{"taxonomy":"category","embeddable":true,"href":"https:\/\/tuavaluo.com\/avaluo\/wp-json\/wp\/v2\/categories?post=24237"},{"taxonomy":"post_tag","embeddable":true,"href":"https:\/\/tuavaluo.com\/avaluo\/wp-json\/wp\/v2\/tags?post=24237"}],"curies":[{"name":"wp","href":"https:\/\/api.w.org\/{rel}","templated":true}]}}