{"id":24549,"date":"2020-09-29T12:19:40","date_gmt":"2020-09-29T12:19:40","guid":{"rendered":"https:\/\/tuavaluo.com\/avaluo\/2020\/09\/29\/las-mejores-alternativas-a-las-mascarillas-kn95-y-donde-encontrarlas\/"},"modified":"2020-09-29T12:19:40","modified_gmt":"2020-09-29T12:19:40","slug":"las-mejores-alternativas-a-las-mascarillas-kn95-y-donde-encontrarlas","status":"publish","type":"post","link":"https:\/\/tuavaluo.com\/avaluo\/2020\/09\/29\/las-mejores-alternativas-a-las-mascarillas-kn95-y-donde-encontrarlas\/","title":{"rendered":"Las mejores alternativas a las mascarillas KN95 y d\u00f3nde encontrarlas"},"content":{"rendered":"<div class=\"read-more-links\">\n<h5>Noticia relacionada<\/h5>\n<p><a class=\"readMore\" href=\"https:\/\/www.bolsamania.com\/noticias\/espana\/mascarillas-kn95-dejaran-venderse-octubre-alternativas-hay--7651632.html\" rel=\"noopener noreferrer\" target=\"_blank\" data-id=\"7651632\" rel=\"nofollow\" ><\/p>\n<figure><img class=\"lazy\" title=\"Leer m&#xE1;s\" data-original=\"https:\/\/img.s3wfg.com\/web\/img\/images_uploaded\/c\/b\/ep_una_farmaceutica_muestra_una_mascarilla_en_la_farmacia_cea_una_de_las_2882_farmacias_madrilenas_20200515130403_285x185.jpg\" data-src=\"https:\/\/img.s3wfg.com\/web\/img\/images_uploaded\/c\/b\/ep_una_farmaceutica_muestra_una_mascarilla_en_la_farmacia_cea_una_de_las_2882_farmacias_madrilenas_20200515130403_285x185.jpg\" \/><\/figure>\n<p>Las mascarillas KN95 dejar\u00e1n de venderse en octubre: \u00bfQu\u00e9 alternativas hay? <\/a><\/div>\n<p>Durante el peor momento de la primera ola las mascarillas se convirtieron en un bien de primera necesidad y m\u00e1xima escasez, por lo que el Gobierno permiti\u00f3 que <strong>se vendieran temporalmente unas mascarillas ilegales<\/strong>. Esto quiere decir que no hab\u00edan pasado la homologaci\u00f3n de la Uni\u00f3n Europea, imprescindible para vender cualquier producto sanitario en Espa\u00f1a.<\/p>\n<p>Esa medida de emergencia ten\u00eda un plazo de vigencia, el 30 de septiembre, que no ha sido prorrogado. As\u00ed que a partir del mi\u00e9rcoles esas mascarillas ya no se podr\u00e1n vender en Espa\u00f1a, aunque no ser\u00e1 ilegal llevarlas. Las que se vendan <strong>deber\u00e1n estar homologadas en Europa<\/strong>, con la marca CE y con el cumplimiento de los est\u00e1ndares europeos de calidad, con referencia en el etiquetado a la normativa UNE EN-149.<\/p>\n<p><strong>ALTERNATIVAS<\/strong><\/p>\n<p>A finales de agosto un equipo de investigadores del Consejo Superior de Investigaciones Cient\u00edficas (CSIC), anunciaron la creaci\u00f3n de una mascarilla espa\u00f1ola <strong>FFP2<\/strong> con nuevo material para filtros de mascarillas sanitarias basado en nanofibras. Aunque tambi\u00e9n est\u00e1n destinadas al personal sanitario, las nuevas mascarillas est\u00e1n ideadas para tener un mayor tiempo de usabilidad y ser\u00e1n antimicrobianas y biodegradables. Se pueden comprar online a trav\u00e9s de Amazon. Tambi\u00e9n est\u00e1n disponibles en Leroy Merlin, Carrefour, Alcampo y El Corte Ingl\u00e9s.<\/p>\n<p>Por otro lado est\u00e1n las <strong>mascarillas quir\u00fargicas<\/strong>, que ofrecen un efecto barrera, pero solo est\u00e1n recomendadas para evitar el contagio a los dem\u00e1s, es decir, no proteger\u00e1n a su portador con la misma eficacia que las mascarillas FFP. En cualquier caso, son m\u00e1s asequibles, y las recomendadas en el contexto actual, partiendo del principio de que si todos llevamos una de estas mascarillas la transmisi\u00f3n del virus se reducir\u00e1 en gran medida. Estas mascarillas se pueden adquirir online en Amazon o en farmacias como DosFarma, FarmaciaGT, FarmaciaMarket, Farmacias Direct o Iberomed, entre otras.<\/p>\n<p style=\"text-align: left\">Tambi\u00e9n est\u00e1n las <strong>mascarillas higi\u00e9nicas<\/strong>, que pueden ser reutilizables o no reutilizables, y est\u00e1n comenzando a popularizarse cada vez m\u00e1s. Se pueden encontrar en Decathlon, Farma2Go, Mercadona, Alcampo, Carrefour, Lidl&#8230;<\/p>\n<p style=\"text-align: left\">En cuanto a las <strong>mascarillas de tela o caseras<\/strong>, el doctor Mike Ryan, principal experto en emergencias de la OMS, ha defendido siempre que deb\u00edan usarse a nivel comunitario. Una investigaci\u00f3n de la Universidad de Illinois descubri\u00f3 que un trozo de tela nuevo era m\u00e1s efectivo que una camiseta de algod\u00f3n 100% que hubiera sido usada a la hora de filtrar las gotas cuando al toser, estornudar o hablar.<\/p>\n<p style=\"text-align: left\">Adem\u00e1s, los investigadores sostienen que una camisa usada hecha de seda 100% era m\u00e1s efectiva para filtrar gotas grandes porque la seda tiene propiedades electroest\u00e1ticas que pueden ayudar a atrapar las part\u00edculas m\u00e1s peque\u00f1as.<\/p>\n<p style=\"text-align: left\">Estas mascarillas pueden encontrarse en casi cualquier centro comercial en tiendas de Mango, Adidas, United Colors of Benetton, El Corte Ingl\u00e9s, etc.<\/p>\n<p>&#013;<br \/>\nSource: Bolsamania.com<\/p>\n","protected":false},"excerpt":{"rendered":"<p>Noticia relacionada Las mascarillas KN95 dejar\u00e1n de venderse en octubre: \u00bfQu\u00e9 alternativas hay? Durante el peor momento de la primera&#8230;<\/p>\n","protected":false},"author":3,"featured_media":24550,"comment_status":"open","ping_status":"closed","sticky":false,"template":"","format":"standard","meta":[],"categories":[104],"tags":[99],"_links":{"self":[{"href":"https:\/\/tuavaluo.com\/avaluo\/wp-json\/wp\/v2\/posts\/24549"}],"collection":[{"href":"https:\/\/tuavaluo.com\/avaluo\/wp-json\/wp\/v2\/posts"}],"about":[{"href":"https:\/\/tuavaluo.com\/avaluo\/wp-json\/wp\/v2\/types\/post"}],"author":[{"embeddable":true,"href":"https:\/\/tuavaluo.com\/avaluo\/wp-json\/wp\/v2\/users\/3"}],"replies":[{"embeddable":true,"href":"https:\/\/tuavaluo.com\/avaluo\/wp-json\/wp\/v2\/comments?post=24549"}],"version-history":[{"count":0,"href":"https:\/\/tuavaluo.com\/avaluo\/wp-json\/wp\/v2\/posts\/24549\/revisions"}],"wp:featuredmedia":[{"embeddable":true,"href":"https:\/\/tuavaluo.com\/avaluo\/wp-json\/wp\/v2\/media\/24550"}],"wp:attachment":[{"href":"https:\/\/tuavaluo.com\/avaluo\/wp-json\/wp\/v2\/media?parent=24549"}],"wp:term":[{"taxonomy":"category","embeddable":true,"href":"https:\/\/tuavaluo.com\/avaluo\/wp-json\/wp\/v2\/categories?post=24549"},{"taxonomy":"post_tag","embeddable":true,"href":"https:\/\/tuavaluo.com\/avaluo\/wp-json\/wp\/v2\/tags?post=24549"}],"curies":[{"name":"wp","href":"https:\/\/api.w.org\/{rel}","templated":true}]}}