{"id":24571,"date":"2020-09-29T18:25:18","date_gmt":"2020-09-29T18:25:18","guid":{"rendered":"https:\/\/tuavaluo.com\/avaluo\/2020\/09\/29\/principio-de-acuerdo-entre-gobierno-y-madrid-las-mismas-medidas-para-toda-espana\/"},"modified":"2020-09-29T18:25:18","modified_gmt":"2020-09-29T18:25:18","slug":"principio-de-acuerdo-entre-gobierno-y-madrid-las-mismas-medidas-para-toda-espana","status":"publish","type":"post","link":"https:\/\/tuavaluo.com\/avaluo\/2020\/09\/29\/principio-de-acuerdo-entre-gobierno-y-madrid-las-mismas-medidas-para-toda-espana\/","title":{"rendered":"Principio de acuerdo entre Gobierno y Madrid: las mismas medidas para toda Espa\u00f1a"},"content":{"rendered":"<p>El ministro de Sanidad, Salvador Illa, ha pactado los con l\u00edderes regionales que<strong> se aplicar\u00e1n los mismas medidas en todas ciudades con m\u00e1s de 100.000 habitantes<\/strong>, un rango que incluye a Madrid. Los municipios con menos poblaci\u00f3n quedar\u00e1n bajo el mando de las propias comunidades aut\u00f3nomas atendiendo a las normativa y protocolos en el \u00e1mbito estatal.<\/p>\n<p>El Ministerio de Sanidad habr\u00eda as\u00ed aceptado una de las propuestas de D\u00edaz Ayuso: aplicar el mismo criterio a toda Espa\u00f1a. La presidenta madrile\u00f1a ha dicho en varias ocasiones que solo aceptar\u00e1 cerrar Madrid si todos los territorios est\u00e1n regidos con la misma vara de medir.<\/p>\n<p>Ahora solo falta conocer si el departamento que dirige Salvador Illa va a confinar toda la ciudad como lleva pidi\u00e9ndole d\u00edas al gobierno regional o si se va a decantar por medidas alternativas. Como si la presi\u00f3n no fuera poca, han salido opositores a la medida hasta en sus propias filas. <\/p>\n<p>\u00c1ngel Gabilondo, l\u00edder del PSOE madrile\u00f1o, ha pedido este martes al Gobierno central que no intervenga Madrid para actuar frente al coronavirus<strong>: \u00ab<a href=\"https:\/\/www.bolsamania.com\/noticias\/politica\/gabilondo-pide-gobierno-que-no-intervenga-madrid-no-se-puede-hacer--7658171.html\" target=\"_blank\"  rel=\"nofollow\" >Espero que no haya intervenci\u00f3n\u00bb.<\/a><\/strong><\/p>\n<p>&#013;<br \/>\nSource: Bolsamania.com<\/p>\n","protected":false},"excerpt":{"rendered":"<p>El ministro de Sanidad, Salvador Illa, ha pactado los con l\u00edderes regionales que se aplicar\u00e1n los mismas medidas en todas&#8230;<\/p>\n","protected":false},"author":3,"featured_media":0,"comment_status":"open","ping_status":"closed","sticky":false,"template":"","format":"standard","meta":[],"categories":[104],"tags":[99],"_links":{"self":[{"href":"https:\/\/tuavaluo.com\/avaluo\/wp-json\/wp\/v2\/posts\/24571"}],"collection":[{"href":"https:\/\/tuavaluo.com\/avaluo\/wp-json\/wp\/v2\/posts"}],"about":[{"href":"https:\/\/tuavaluo.com\/avaluo\/wp-json\/wp\/v2\/types\/post"}],"author":[{"embeddable":true,"href":"https:\/\/tuavaluo.com\/avaluo\/wp-json\/wp\/v2\/users\/3"}],"replies":[{"embeddable":true,"href":"https:\/\/tuavaluo.com\/avaluo\/wp-json\/wp\/v2\/comments?post=24571"}],"version-history":[{"count":0,"href":"https:\/\/tuavaluo.com\/avaluo\/wp-json\/wp\/v2\/posts\/24571\/revisions"}],"wp:attachment":[{"href":"https:\/\/tuavaluo.com\/avaluo\/wp-json\/wp\/v2\/media?parent=24571"}],"wp:term":[{"taxonomy":"category","embeddable":true,"href":"https:\/\/tuavaluo.com\/avaluo\/wp-json\/wp\/v2\/categories?post=24571"},{"taxonomy":"post_tag","embeddable":true,"href":"https:\/\/tuavaluo.com\/avaluo\/wp-json\/wp\/v2\/tags?post=24571"}],"curies":[{"name":"wp","href":"https:\/\/api.w.org\/{rel}","templated":true}]}}