{"id":24648,"date":"2020-09-30T14:14:01","date_gmt":"2020-09-30T14:14:01","guid":{"rendered":"https:\/\/tuavaluo.com\/avaluo\/2020\/09\/30\/madrid-pide-que-no-se-apliquen-las-restricciones-de-sanidad-a-toda-la-capital\/"},"modified":"2020-09-30T14:14:01","modified_gmt":"2020-09-30T14:14:01","slug":"madrid-pide-que-no-se-apliquen-las-restricciones-de-sanidad-a-toda-la-capital","status":"publish","type":"post","link":"https:\/\/tuavaluo.com\/avaluo\/2020\/09\/30\/madrid-pide-que-no-se-apliquen-las-restricciones-de-sanidad-a-toda-la-capital\/","title":{"rendered":"Madrid pide que no se apliquen las restricciones de Sanidad a toda la capital"},"content":{"rendered":"<p>La administraci\u00f3n auton\u00f3mica afirma que mantiene \u00abel compromiso de colaboraci\u00f3n, trabajo conjunto y lealtad institucional\u00bb de cara a la reuni\u00f3n de esta tarde del <strong>Consejo Interterritorial del Sistema Nacional de Salud<\/strong>.<\/p>\n<p>La Comunidad, despu\u00e9s de llegar el martes a un acuerdo con el Ejecutivo para hacer efectivas medidas en las localidades de m\u00e1s de 100.000 habitantes, apunta hoy que \u00ab<strong>se precisa conocer la base cient\u00edfica y t\u00e9cnica que avala el nuevo criterio de los 500 contagios por cada 100.000 habitantes<\/strong> que propone el Ministerio de Sanidad\u00bb.<\/p>\n<div class=\"read-more-links\">\n<h5>Noticia relacionada<\/h5>\n<p><a class=\"readMore\" href=\"https:\/\/www.bolsamania.com\/noticias\/sanidad\/restringir-movilidad-reducir-aforos-cerrar-parques-medidas-sanidad--7659630.html\" rel=\"noopener noreferrer\" target=\"_blank\" data-id=\"7659630\" rel=\"nofollow\" ><\/p>\n<figure><img class=\"lazy\" title=\"Leer m&#xE1;s\" data-original=\"https:\/\/img6.s3wfg.com\/web\/img\/images_uploaded\/6\/1\/illasalvadorcb1_285x185.gif\" data-src=\"https:\/\/img6.s3wfg.com\/web\/img\/images_uploaded\/6\/1\/illasalvadorcb1_285x185.gif\" \/><\/figure>\n<p>Restringir movilidad, reducir aforos o cerrar parques: esto propone Illa para toda Espa\u00f1a <\/a><\/div>\n<p><strong>CAPACIDAD PARA HACER UN TEST A CADA MADRILE\u00d1O<\/strong><\/p>\n<p>La Comunidad de Madrid tambi\u00e9n asegura que, en su caso, \u00ab<strong>deber\u00e1 de tenerse en cuenta el criterio de capacidad de elasticidad en camas de hospitalizaci\u00f3n y de puestos de UCI<\/strong>. La Comunidad de Madrid tiene la disponibilidad de ampliar la capacidad hospitalaria en caso necesario y est\u00e1 concluyendo adem\u00e1s la construcci\u00f3n del nuevo Hospital p\u00fablico Enfermera Isabel Zendal, que incrementar\u00e1 notablemente dicha respuesta asistencial\u00bb.<\/p>\n<p>Adem\u00e1s, insta a que \u00abha de incluirse como criterio la capacidad diagn\u00f3stica de la Comunidad de Madrid, muy superior a la del resto de CCAA.<strong> Con la colaboraci\u00f3n del Gobierno central, la Comunidad de Madrid estar\u00eda en disposici\u00f3n de realizar un test a cada madrile\u00f1o<\/strong> en estos momentos\u00bb.<\/p>\n<p>\u00abLa Comunidad de Madrid pide criterios objetivos y claros para todas las Comunidades Aut\u00f3nomas pero que no se ci\u00f1an solo a los tres indicadores conocidos en las \u00faltimas horas. Estos par\u00e1metros deben ampliarse dentro del di\u00e1logo con todas las consejer\u00edas de Sanidad\u00bb, concluye.<\/p>\n<p>&#013;<br \/>\nSource: Bolsamania.com<\/p>\n","protected":false},"excerpt":{"rendered":"<p>La administraci\u00f3n auton\u00f3mica afirma que mantiene \u00abel compromiso de colaboraci\u00f3n, trabajo conjunto y lealtad institucional\u00bb de cara a la reuni\u00f3n&#8230;<\/p>\n","protected":false},"author":3,"featured_media":24649,"comment_status":"open","ping_status":"closed","sticky":false,"template":"","format":"standard","meta":[],"categories":[104],"tags":[99],"_links":{"self":[{"href":"https:\/\/tuavaluo.com\/avaluo\/wp-json\/wp\/v2\/posts\/24648"}],"collection":[{"href":"https:\/\/tuavaluo.com\/avaluo\/wp-json\/wp\/v2\/posts"}],"about":[{"href":"https:\/\/tuavaluo.com\/avaluo\/wp-json\/wp\/v2\/types\/post"}],"author":[{"embeddable":true,"href":"https:\/\/tuavaluo.com\/avaluo\/wp-json\/wp\/v2\/users\/3"}],"replies":[{"embeddable":true,"href":"https:\/\/tuavaluo.com\/avaluo\/wp-json\/wp\/v2\/comments?post=24648"}],"version-history":[{"count":0,"href":"https:\/\/tuavaluo.com\/avaluo\/wp-json\/wp\/v2\/posts\/24648\/revisions"}],"wp:featuredmedia":[{"embeddable":true,"href":"https:\/\/tuavaluo.com\/avaluo\/wp-json\/wp\/v2\/media\/24649"}],"wp:attachment":[{"href":"https:\/\/tuavaluo.com\/avaluo\/wp-json\/wp\/v2\/media?parent=24648"}],"wp:term":[{"taxonomy":"category","embeddable":true,"href":"https:\/\/tuavaluo.com\/avaluo\/wp-json\/wp\/v2\/categories?post=24648"},{"taxonomy":"post_tag","embeddable":true,"href":"https:\/\/tuavaluo.com\/avaluo\/wp-json\/wp\/v2\/tags?post=24648"}],"curies":[{"name":"wp","href":"https:\/\/api.w.org\/{rel}","templated":true}]}}