{"id":25497,"date":"2020-10-16T08:54:10","date_gmt":"2020-10-16T08:54:10","guid":{"rendered":"https:\/\/tuavaluo.com\/avaluo\/2020\/10\/16\/illa-adelanta-que-espana-dispondra-de-30-millones-de-vacunas-para-enero-o-febrero\/"},"modified":"2020-10-16T08:54:10","modified_gmt":"2020-10-16T08:54:10","slug":"illa-adelanta-que-espana-dispondra-de-30-millones-de-vacunas-para-enero-o-febrero","status":"publish","type":"post","link":"https:\/\/tuavaluo.com\/avaluo\/2020\/10\/16\/illa-adelanta-que-espana-dispondra-de-30-millones-de-vacunas-para-enero-o-febrero\/","title":{"rendered":"Illa adelanta que Espa\u00f1a dispondr\u00e1 de 30 millones de vacunas para enero o febrero"},"content":{"rendered":"<p>Seg\u00fan ha dicho, si la vacuna no llega en diciembre, <strong>estar\u00e1 lista durante los primeros meses de 2021<\/strong>: \u201cHay un esfuerzo muy potente\u201d para tener el remedio listo cuanto antes, ha destacado, tras lo cual ha confirmado que \u201ctendremos diferentes tipos de vacuna\u201d a principios de a\u00f1o y, \u201ca medida que pase el tiempo tendr\u00e1 mejor eficacia\u201d. El reparto de las dosis de inmunizaci\u00f3n se har\u00e1 con criterios poblacionales y de manera \u201cequitativa\u201d entre las respectivas comunidades aut\u00f3nomas.<\/p>\n<p>Sin embargo, pese a este horizonte de esperanza, s\u00ed ha avisado el ministro que tendremos por delante cinco o seis meses, durante los cuales a\u00fan tendremos que convivir con un virus y que a\u00fan puede generar \u201cmuch\u00edsimas complicaciones\u201d. Sobre las fiestas de Navidad, el ministro ha reconocido que \u201cno ser\u00e1 normal, ser\u00e1 diferente que otros a\u00f1os\u00bb.<\/p>\n<p>\u201cEsto no se soluciona en 15 d\u00edas.<strong> Hay un incremento importante de casos en Europa<\/strong>. Es muy preocupante. El virus sigue con nosotros, hay que tomarlo en serio y tomar precauciones. Tenemos que tener margen de reacci\u00f3n hasta tener una vacuna o un tratamiento eficaz. Hay que tener una mentalidad de carrera de fondo y seguir las recomendaciones sanitarias\u201d. El minisitro s\u00ed ha descartado un nuevo confinamiento domiciliario como el de marzo.<\/p>\n<p>&#013;<br \/>\nSource: Bolsamania.com<\/p>\n","protected":false},"excerpt":{"rendered":"<p>Seg\u00fan ha dicho, si la vacuna no llega en diciembre, estar\u00e1 lista durante los primeros meses de 2021: \u201cHay un&#8230;<\/p>\n","protected":false},"author":3,"featured_media":0,"comment_status":"open","ping_status":"closed","sticky":false,"template":"","format":"standard","meta":[],"categories":[104],"tags":[99],"_links":{"self":[{"href":"https:\/\/tuavaluo.com\/avaluo\/wp-json\/wp\/v2\/posts\/25497"}],"collection":[{"href":"https:\/\/tuavaluo.com\/avaluo\/wp-json\/wp\/v2\/posts"}],"about":[{"href":"https:\/\/tuavaluo.com\/avaluo\/wp-json\/wp\/v2\/types\/post"}],"author":[{"embeddable":true,"href":"https:\/\/tuavaluo.com\/avaluo\/wp-json\/wp\/v2\/users\/3"}],"replies":[{"embeddable":true,"href":"https:\/\/tuavaluo.com\/avaluo\/wp-json\/wp\/v2\/comments?post=25497"}],"version-history":[{"count":0,"href":"https:\/\/tuavaluo.com\/avaluo\/wp-json\/wp\/v2\/posts\/25497\/revisions"}],"wp:attachment":[{"href":"https:\/\/tuavaluo.com\/avaluo\/wp-json\/wp\/v2\/media?parent=25497"}],"wp:term":[{"taxonomy":"category","embeddable":true,"href":"https:\/\/tuavaluo.com\/avaluo\/wp-json\/wp\/v2\/categories?post=25497"},{"taxonomy":"post_tag","embeddable":true,"href":"https:\/\/tuavaluo.com\/avaluo\/wp-json\/wp\/v2\/tags?post=25497"}],"curies":[{"name":"wp","href":"https:\/\/api.w.org\/{rel}","templated":true}]}}