{"id":25671,"date":"2020-10-20T10:21:58","date_gmt":"2020-10-20T10:21:58","guid":{"rendered":"https:\/\/tuavaluo.com\/avaluo\/2020\/10\/20\/madrid-suspende-las-cabalgatas-de-reyes-en-todos-sus-distritos-por-el-virus\/"},"modified":"2020-10-20T10:21:58","modified_gmt":"2020-10-20T10:21:58","slug":"madrid-suspende-las-cabalgatas-de-reyes-en-todos-sus-distritos-por-el-virus","status":"publish","type":"post","link":"https:\/\/tuavaluo.com\/avaluo\/2020\/10\/20\/madrid-suspende-las-cabalgatas-de-reyes-en-todos-sus-distritos-por-el-virus\/","title":{"rendered":"Madrid suspende las cabalgatas de Reyes en todos sus distritos por el virus"},"content":{"rendered":"<div class=\"read-more-links\">\n<h5>Noticia relacionada<\/h5>\n<p><a class=\"readMore\" href=\"https:\/\/www.bolsamania.com\/noticias\/sanidad\/comunidad-madrid-estudia-pedir-gobierno-decrete-toque-queda--7682203.html\" rel=\"noopener noreferrer\" target=\"_blank\" data-id=\"7682203\" rel=\"nofollow\" ><\/p>\n<figure><img class=\"lazy\" title=\"Leer m&#xE1;s\" data-original=\"https:\/\/img.s3wfg.com\/web\/img\/images_uploaded\/0\/7\/ep_la_presidenta_de_la_comunidad_de_madrid_isabel_diaz_ayuso_preside_la_reunion_con_representantes_285x185.jpg\" data-src=\"https:\/\/img.s3wfg.com\/web\/img\/images_uploaded\/0\/7\/ep_la_presidenta_de_la_comunidad_de_madrid_isabel_diaz_ayuso_preside_la_reunion_con_representantes_285x185.jpg\" \/><\/figure>\n<p>La Comunidad de Madrid estudia pedir al Gobierno que decrete el toque de queda <\/a><\/div>\n<p>El Bolet\u00edn contin\u00faa defendiendo que su decisi\u00f3n tiene lugar \u00abante la necesidad de seguir favoreciendo actuaciones y medidas que contribuyan tanto a la mejor\u00eda de la situaci\u00f3n actual como a la prevenci\u00f3n de situaciones que puedan facilitar el contagio\u00bb.<\/p>\n<p>Por tanto, Madrid considera necesario<strong> \u00absuspender algunas de las actividades que habitualmente se promueven desde los distritos<\/strong>, como son las cabalgatas que se organizan con ocasi\u00f3n de la celebraci\u00f3n de la Navidad\u00bb. En este sentido, desde la Comunidad recuerdan que las fiestas patronales fueron tambi\u00e9n suspendidas al considerarse una actividad \u00abno esencial\u00bb.<\/p>\n<p>La que a\u00fan est\u00e1 en el aire es la cabalgata de la propia capital. Fuentes de Cultura, Turismo y Deporte del ayuntamiento han se\u00f1alado a la agencia Efe que est\u00e1n \u201canalizando las distintas posibilidades\u201d y a\u00fan \u201cno se ha tomado una decisi\u00f3n en ninguna direcci\u00f3n\u201d.<\/p>\n<p>&#013;<br \/>\nSource: Bolsamania.com<\/p>\n","protected":false},"excerpt":{"rendered":"<p>Noticia relacionada La Comunidad de Madrid estudia pedir al Gobierno que decrete el toque de queda El Bolet\u00edn contin\u00faa defendiendo&#8230;<\/p>\n","protected":false},"author":3,"featured_media":25672,"comment_status":"open","ping_status":"closed","sticky":false,"template":"","format":"standard","meta":[],"categories":[104],"tags":[99],"_links":{"self":[{"href":"https:\/\/tuavaluo.com\/avaluo\/wp-json\/wp\/v2\/posts\/25671"}],"collection":[{"href":"https:\/\/tuavaluo.com\/avaluo\/wp-json\/wp\/v2\/posts"}],"about":[{"href":"https:\/\/tuavaluo.com\/avaluo\/wp-json\/wp\/v2\/types\/post"}],"author":[{"embeddable":true,"href":"https:\/\/tuavaluo.com\/avaluo\/wp-json\/wp\/v2\/users\/3"}],"replies":[{"embeddable":true,"href":"https:\/\/tuavaluo.com\/avaluo\/wp-json\/wp\/v2\/comments?post=25671"}],"version-history":[{"count":0,"href":"https:\/\/tuavaluo.com\/avaluo\/wp-json\/wp\/v2\/posts\/25671\/revisions"}],"wp:featuredmedia":[{"embeddable":true,"href":"https:\/\/tuavaluo.com\/avaluo\/wp-json\/wp\/v2\/media\/25672"}],"wp:attachment":[{"href":"https:\/\/tuavaluo.com\/avaluo\/wp-json\/wp\/v2\/media?parent=25671"}],"wp:term":[{"taxonomy":"category","embeddable":true,"href":"https:\/\/tuavaluo.com\/avaluo\/wp-json\/wp\/v2\/categories?post=25671"},{"taxonomy":"post_tag","embeddable":true,"href":"https:\/\/tuavaluo.com\/avaluo\/wp-json\/wp\/v2\/tags?post=25671"}],"curies":[{"name":"wp","href":"https:\/\/api.w.org\/{rel}","templated":true}]}}