{"id":25690,"date":"2020-10-20T12:57:59","date_gmt":"2020-10-20T12:57:59","guid":{"rendered":"https:\/\/tuavaluo.com\/avaluo\/2020\/10\/20\/el-congreso-congela-el-sueldo-de-los-diputados-tras-el-rechazo-del-pp-y-vox\/"},"modified":"2020-10-20T12:57:59","modified_gmt":"2020-10-20T12:57:59","slug":"el-congreso-congela-el-sueldo-de-los-diputados-tras-el-rechazo-del-pp-y-vox","status":"publish","type":"post","link":"https:\/\/tuavaluo.com\/avaluo\/2020\/10\/20\/el-congreso-congela-el-sueldo-de-los-diputados-tras-el-rechazo-del-pp-y-vox\/","title":{"rendered":"El Congreso congela el sueldo de los diputados tras el rechazo del PP y Vox"},"content":{"rendered":"<p>En una primera reuni\u00f3n, el \u00f3rgano de gobierno de la C\u00e1mara baja aprob\u00f3 sus cuentas para el a\u00f1o que viene. Inicialmente, preve\u00edan un aumento del 0,9% en las retribuciones del personal de la C\u00e1mara, aplicable tambi\u00e9n a los diputados, seg\u00fan han informado a Europa Press fuentes parlamentarias.<\/p>\n<p>El <strong>PP<\/strong> y <strong>Vox<\/strong>, en esa reuni\u00f3n, declararon <strong>no estar a favor<\/strong> de incrementar el sueldo de los diputados, aunque s\u00ed apoyaron sub\u00edrselo al personal de la C\u00e1mara. <strong>Unidas Podemos<\/strong> afirma que tambi\u00e9n manifest\u00f3 verbalmente su oposici\u00f3n en la reuni\u00f3n del \u00f3rgano de gobierno de la C\u00e1mara.<\/p>\n<p>La presidenta del Congreso, Meritxell Batet, al conocer la decisi\u00f3n de la C\u00e1mara alta, ha decidido convocar de nuevo a sus compa\u00f1eros de Mesa para que llevaran una posici\u00f3n consensuada en la reuni\u00f3n conjunta para <strong>aprobar los presupuestos de las Cortes Generales<\/strong>.<\/p>\n<p>En esa segunda reuni\u00f3n, el PSOE, PP, Unidas Podemos y Vox, han decidido <strong>por unanimidad <\/strong>mantener congelado el sueldo de los diputados para el a\u00f1o que viene.<\/p>\n<p>&#013;<br \/>\nSource: Bolsamania.com<\/p>\n","protected":false},"excerpt":{"rendered":"<p>En una primera reuni\u00f3n, el \u00f3rgano de gobierno de la C\u00e1mara baja aprob\u00f3 sus cuentas para el a\u00f1o que viene&#8230;.<\/p>\n","protected":false},"author":3,"featured_media":0,"comment_status":"open","ping_status":"closed","sticky":false,"template":"","format":"standard","meta":[],"categories":[104],"tags":[99],"_links":{"self":[{"href":"https:\/\/tuavaluo.com\/avaluo\/wp-json\/wp\/v2\/posts\/25690"}],"collection":[{"href":"https:\/\/tuavaluo.com\/avaluo\/wp-json\/wp\/v2\/posts"}],"about":[{"href":"https:\/\/tuavaluo.com\/avaluo\/wp-json\/wp\/v2\/types\/post"}],"author":[{"embeddable":true,"href":"https:\/\/tuavaluo.com\/avaluo\/wp-json\/wp\/v2\/users\/3"}],"replies":[{"embeddable":true,"href":"https:\/\/tuavaluo.com\/avaluo\/wp-json\/wp\/v2\/comments?post=25690"}],"version-history":[{"count":0,"href":"https:\/\/tuavaluo.com\/avaluo\/wp-json\/wp\/v2\/posts\/25690\/revisions"}],"wp:attachment":[{"href":"https:\/\/tuavaluo.com\/avaluo\/wp-json\/wp\/v2\/media?parent=25690"}],"wp:term":[{"taxonomy":"category","embeddable":true,"href":"https:\/\/tuavaluo.com\/avaluo\/wp-json\/wp\/v2\/categories?post=25690"},{"taxonomy":"post_tag","embeddable":true,"href":"https:\/\/tuavaluo.com\/avaluo\/wp-json\/wp\/v2\/tags?post=25690"}],"curies":[{"name":"wp","href":"https:\/\/api.w.org\/{rel}","templated":true}]}}