{"id":25923,"date":"2020-10-23T10:22:30","date_gmt":"2020-10-23T10:22:30","guid":{"rendered":"https:\/\/tuavaluo.com\/avaluo\/2020\/10\/23\/madrid-retoma-su-plan-contra-el-covid-y-limita-las-reuniones-durante-la-madrugada\/"},"modified":"2020-10-23T10:22:30","modified_gmt":"2020-10-23T10:22:30","slug":"madrid-retoma-su-plan-contra-el-covid-y-limita-las-reuniones-durante-la-madrugada","status":"publish","type":"post","link":"https:\/\/tuavaluo.com\/avaluo\/2020\/10\/23\/madrid-retoma-su-plan-contra-el-covid-y-limita-las-reuniones-durante-la-madrugada\/","title":{"rendered":"Madrid retoma su plan contra el Covid y limita las reuniones durante la madrugada"},"content":{"rendered":"<p>Dentro del municipio de Madrid, <strong>las restricciones a la movilidad afectar\u00e1n a nueve distritos<\/strong>: N\u00fa\u00f1ez Morgado (Chamart\u00edn), Guzm\u00e1n el Bueno (Chamber\u00ed), San Andr\u00e9s, San Crist\u00f3bal y El Espinillo (Villaverde), Entrev\u00edas, Pe\u00f1aprieta, Alcal\u00e1 de Guadaira, Rafael Alberti, Numancia, Pozo del t\u00edo Raimundo (Puente de Vallecas), Daroca (Ciudad lineal), Vinateros-Torito, Pavones y Vandel (Moratalaz), Puerta del \u00e1ngel (Latina), Virgen de Bego\u00f1a (Fuencarral), Infanta Mercedes y Villaamil (Tetuan).<\/p>\n<p>Tambi\u00e9n quedar\u00e1n confinados Collado Villalba (zona b\u00e1sica de Collado Villalba), Guadarrama (Guadarrama), Majadahonda (Majadahonda), Pozuelo de Alarc\u00e1n (San Juan de la cruz), Parla (San Blas y Pintores), en Colmenar Viejo (Colmenar Viejo norte), Morata de Taju\u00f1a (Morata de Taju\u00f1a), Torrej\u00f3n de Ardoz (Las fronteras y Br\u00fajulas), Manzanares el Eeal (El Boalo), Villarejo de Salvanes, (Villarejo de Salvanes), Colmenar de Oreja (Colmenar de Oreja).<\/p>\n<div class=\"read-more-links\">\n<h5>Noticia relacionada<\/h5>\n<p><a class=\"readMore\" href=\"https:\/\/www.bolsamania.com\/noticias\/espana\/castilla-leon-anuncia-toque-queda-toda-la-comunidad-a-partir-sabado--7687317.html\" rel=\"noopener noreferrer\" target=\"_blank\" data-id=\"7687317\" rel=\"nofollow\" ><\/p>\n<figure><img class=\"lazy\" title=\"Leer m&#xE1;s\" data-original=\"https:\/\/img4.s3wfg.com\/web\/img\/images_uploaded\/9\/7\/ep_alfonso_fernandez_manueco_durante_su_comparecencia_tras_la_videoconferencia_con_pedro_sanchez_285x185.jpg\" data-src=\"https:\/\/img4.s3wfg.com\/web\/img\/images_uploaded\/9\/7\/ep_alfonso_fernandez_manueco_durante_su_comparecencia_tras_la_videoconferencia_con_pedro_sanchez_285x185.jpg\" \/><\/figure>\n<p>Castilla y Le\u00f3n anuncia toque de queda para toda la comunidad a partir del s\u00e1bado <\/a><\/div>\n<h4>MEDIDAS PARA COMBATIR EL COVID<\/h4>\n<p>Las nuevas medidas para toda la comunidad entrar\u00e1n en vigor <strong>a partir de este s\u00e1bado a las 16:47 horas<\/strong>, cuando concluya el estado de alarma que decret\u00f3 el Gobierno central hace dos semanas. En el caso de las restricciones de movilidad en las zonas sanitarias m\u00e1s afectadas por el coronavirus, se empezar\u00e1n a aplicar a partir del pr\u00f3ximo lunes 26 de octubre.<\/p>\n<p>En toda la Comunidad de Madrid, adem\u00e1s de la prohibici\u00f3n de las reuniones sociales durante la madrugada, en el resto del d\u00eda solo <strong>se podr\u00e1n juntar grupos de 6 personas.<\/strong> No obstante, la hosteler\u00eda ampl\u00eda sus horarios, pudiendo abrir desde las 6:00 hasta las 00:00 horas, aunque no podr\u00e1n acoger clientes desde las 23:00 horas. Se mantienen un aforo m\u00e1ximo al 50% en el interior de los bares y restaurante, al 75% en las terrazas y sigue suspendido el servicio en barra.<\/p>\n<p>En cuanto a los locales comerciales, podr\u00e1n abrir entre las 6:00 y las 22:00 horas, a excepci\u00f3n de los establecimientos que presten servicios imprescindibles. Por su parte, los cines, residencias universitarias, colegios mayores, instalaciones deportivas, casas de apuestas, parques y jardines tendr\u00e1n que cerrar a las 00:00 horas. Y en los velatorios y lugares de culto, el aforo queda restringido al 50%.<\/p>\n<p>Para las zonas b\u00e1sicas de salud que queden confinadas, <strong>estar\u00e1n prohibidas la salida y entrada de personas<\/strong>, salvo para asistencia m\u00e9dica, obligaciones laborales, legales, educativas, cuidado de personas u otras casas de fuerza mayor. Recordar que estas restricciones entrar\u00e1n en vigor a partir del pr\u00f3ximo lunes.<\/p>\n<p>El resto de medidas ser\u00e1n las misma que en toda la Comunidad de Madrid, con algunas excepciones. Por ejemplo, se <strong>cerrar\u00e1n durante todo el d\u00eda los parques y jardines<\/strong>, mientras que las academias educativas y las actividades deportivas tendr\u00e1n que limitar su aforo al 50% en el interior y al 60% en el exterior. Adem\u00e1s, los lugares de culto solo podr\u00e1n ocupar un tercio de su capacidad y en los velatorios podr\u00e1n reunirse 15 personas en exterior y 10 en interior.<\/p>\n<h4>VIENEN SEMANAS COMPLICADAS<\/h4>\n<p><strong>\u00abLas pr\u00f3ximas semanas ser\u00e1n complicadas\u00bb<\/strong>, ha se\u00f1alado Ruiz Escudero. Tambi\u00e9n ha reconocido que la regi\u00f3n lleva tiempo \u00abcon una tendencia descendente\u00bb y que se ha conseguido reducir en un 55% el n\u00famero de contagios. Adem\u00e1s, ha asegurado que la incidencia acumulada ha pasado de 813 casos por cada 100.00 habitantes a 409 casos. Aun as\u00ed, considera que \u00abel estado de alarma ha ralentizado la mejora de estos indicadores\u00bb.<\/p>\n<p>Durante su comparecencia ante los medios, <strong>ha aprovechado para criticar al Gobierno central<\/strong>, a quien acusa de no haber colaborado para combatir la pandemia. \u00abNecesitamos que esa colaboraci\u00f3n se produzca de manera real porque no se est\u00e1 produciendo hasta el d\u00eda de hoy\u00bb, ha se\u00f1alado antes de pedir un despliegue policial para conseguir que se cumplan las cuarentenas y controlar la llegada de viajeros al Aeropuerto de Barajas.<\/p>\n<p>&#013;<br \/>\nSource: Bolsamania.com<\/p>\n","protected":false},"excerpt":{"rendered":"<p>Dentro del municipio de Madrid, las restricciones a la movilidad afectar\u00e1n a nueve distritos: N\u00fa\u00f1ez Morgado (Chamart\u00edn), Guzm\u00e1n el Bueno&#8230;<\/p>\n","protected":false},"author":3,"featured_media":25924,"comment_status":"open","ping_status":"closed","sticky":false,"template":"","format":"standard","meta":[],"categories":[104],"tags":[99],"_links":{"self":[{"href":"https:\/\/tuavaluo.com\/avaluo\/wp-json\/wp\/v2\/posts\/25923"}],"collection":[{"href":"https:\/\/tuavaluo.com\/avaluo\/wp-json\/wp\/v2\/posts"}],"about":[{"href":"https:\/\/tuavaluo.com\/avaluo\/wp-json\/wp\/v2\/types\/post"}],"author":[{"embeddable":true,"href":"https:\/\/tuavaluo.com\/avaluo\/wp-json\/wp\/v2\/users\/3"}],"replies":[{"embeddable":true,"href":"https:\/\/tuavaluo.com\/avaluo\/wp-json\/wp\/v2\/comments?post=25923"}],"version-history":[{"count":0,"href":"https:\/\/tuavaluo.com\/avaluo\/wp-json\/wp\/v2\/posts\/25923\/revisions"}],"wp:featuredmedia":[{"embeddable":true,"href":"https:\/\/tuavaluo.com\/avaluo\/wp-json\/wp\/v2\/media\/25924"}],"wp:attachment":[{"href":"https:\/\/tuavaluo.com\/avaluo\/wp-json\/wp\/v2\/media?parent=25923"}],"wp:term":[{"taxonomy":"category","embeddable":true,"href":"https:\/\/tuavaluo.com\/avaluo\/wp-json\/wp\/v2\/categories?post=25923"},{"taxonomy":"post_tag","embeddable":true,"href":"https:\/\/tuavaluo.com\/avaluo\/wp-json\/wp\/v2\/tags?post=25923"}],"curies":[{"name":"wp","href":"https:\/\/api.w.org\/{rel}","templated":true}]}}