{"id":26117,"date":"2020-10-27T17:24:45","date_gmt":"2020-10-27T17:24:45","guid":{"rendered":"https:\/\/tuavaluo.com\/avaluo\/2020\/10\/27\/indra-pierde-31-millones-hasta-septiembre-pese-al-aumento-de-la-contratacion\/"},"modified":"2020-10-27T17:24:45","modified_gmt":"2020-10-27T17:24:45","slug":"indra-pierde-31-millones-hasta-septiembre-pese-al-aumento-de-la-contratacion","status":"publish","type":"post","link":"https:\/\/tuavaluo.com\/avaluo\/2020\/10\/27\/indra-pierde-31-millones-hasta-septiembre-pese-al-aumento-de-la-contratacion\/","title":{"rendered":"Indra pierde 31 millones hasta septiembre pese al aumento de la contrataci\u00f3n"},"content":{"rendered":"<p>Y todo, ha destacado la empresa de tecnolog\u00eda y consultor\u00eda, pese a que la contrataci\u00f3n y la cartera han crecido un 11,4% y un 17,6%, respectivamente, en el periodo. Adem\u00e1s, en los nueve primeros meses <strong>los ingresos han ca\u00eddo un 5,9%<\/strong>, hasta los 2.153 millones de euros, frente a los 2.288 cosechados entre enero y septiembre de 2019.<\/p>\n<div class=\"read-more-links\">\n<h5>Noticia relacionada<\/h5>\n<p><a class=\"readMore\" href=\"https:\/\/www.bolsamania.com\/en-directo\/mercados\/resultados-empresariales-tercer-trimestre-2020-europa-eeuu.html\" rel=\"noopener noreferrer\" target=\"_blank\" data-id=\"7674140\" rel=\"nofollow\" ><\/p>\n<figure><img class=\"lazy\" title=\"Leer m&#xE1;s\" data-original=\"https:\/\/img4.s3wfg.com\/web\/img\/images_uploaded\/8\/9\/world-markets-2_285x185.jpg\" data-src=\"https:\/\/img4.s3wfg.com\/web\/img\/images_uploaded\/8\/9\/world-markets-2_285x185.jpg\" \/><\/figure>\n<p>Resultados empresariales del tercer trimestre de 2020 en Europa y EEUU <\/a><\/div>\n<p>Por otro lado, el resultado bruto de explotaci\u00f3n (<strong>Ebitda<\/strong>) se ha situado en 80 millones de euros hasta septiembre, lo que representa una ca\u00edda del 63,2% frente a los 223 millones del mismo periodo del a\u00f1o anterior. Y en cuanto a la deuda, se ha reducido a 626 millones, un 14,3% menos que el a\u00f1o anterior, cuando era de 730 millones.<\/p>\n<p>En lo que respecta al tercer trimestre, el beneficio ha ascendido a 44 millones de euros, frente a los 31 del periodo de julio a septiembre de 2019, mientras que los ingresos se han situado en los 669 millones, un 9,8% menos. El Ebitda del tercer trimestre ha alcanzado los 98 millones de euros, un 20,9% m\u00e1s.<\/p>\n<p>Seg\u00fan ha explicado<strong> Fernando Abril-Martorell<\/strong>, presidente ejecutivo de Indra, \u00abel tercer trimestre viene principalmente caracterizado por un cierto <strong>empeoramiento en algunos de los pa\u00edses en los que operamos<\/strong>\u00ab, y el impacto se ha visto reflejado en \u00abuna mayor presi\u00f3n en los ingresos del trimestre, que afecta en mayor medida a Minsait y al negocio de Tr\u00e1fico A\u00e9reo, mientras que otros negocios como Defensa s\u00ed muestran una evoluci\u00f3n m\u00e1s estable\u00bb.<\/p>\n<p>Se refiere a que el tipo de cambio ha contribuido negativamente con 73 millones de euros en los nueve primeros meses de 2020, de los cuales 35 millones corresponden al tercer trimestre, principalmente por la depreciaci\u00f3n del real brasile\u00f1o y el peso mexicano.<\/p>\n<p>En este contexto, Abril-Martorell ha se\u00f1alado que, a la vista de los resultados a septiembre, la compa\u00f1\u00eda cree que <strong>el objetivo de ingresos para el a\u00f1o supone \u00abun mayor desaf\u00edo\u00bb<\/strong>, aunque a\u00fan lo considera \u00abalcanzable\u00bb, mientras que la generaci\u00f3n de caja espera que se comporte mejor de lo que estimaba en julio.<\/p>\n<h4>BUENOS DATOS DE CONTRATACI\u00d3N Y CARTERA<\/h4>\n<p>Por su parte, la cifra de <strong>contrataci\u00f3n<\/strong> neta del grupo en el periodo comprendido entre enero y septiembre alcanz\u00f3 los 2.830 millones de euros, lo que supone un aumento del 7,5% en t\u00e9rminos reportados respecto a los 2.632 millones de euros de hace un a\u00f1o, y una subida del 11,4% en moneda local, impulsada por el fuerte crecimiento de la divisi\u00f3n de Transporte y Defensa.<\/p>\n<p>En esta l\u00ednea, la <strong>cartera de pedidos <\/strong>volvi\u00f3 a situarse en su nivel hist\u00f3rico m\u00e1s alto tras alcanz\u00f3 los 5.150 millones de euros en los nueve primeros meses de 2020, un 17,6% m\u00e1s que los 4.378 millones de euros de hace un a\u00f1o. La ratio conjunta de cartera sobre ventas de los \u00faltimos doce meses tambi\u00e9n alcanz\u00f3 su nivel hist\u00f3rico m\u00e1s alto y se situ\u00f3 en 1,68 veces, frente a 1,36 veces en los nueve primeros meses de 2019.<\/p>\n<p>&#013;<br \/>\nSource: Bolsamania.com<\/p>\n","protected":false},"excerpt":{"rendered":"<p>Y todo, ha destacado la empresa de tecnolog\u00eda y consultor\u00eda, pese a que la contrataci\u00f3n y la cartera han crecido&#8230;<\/p>\n","protected":false},"author":3,"featured_media":26118,"comment_status":"open","ping_status":"closed","sticky":false,"template":"","format":"standard","meta":[],"categories":[104],"tags":[99],"_links":{"self":[{"href":"https:\/\/tuavaluo.com\/avaluo\/wp-json\/wp\/v2\/posts\/26117"}],"collection":[{"href":"https:\/\/tuavaluo.com\/avaluo\/wp-json\/wp\/v2\/posts"}],"about":[{"href":"https:\/\/tuavaluo.com\/avaluo\/wp-json\/wp\/v2\/types\/post"}],"author":[{"embeddable":true,"href":"https:\/\/tuavaluo.com\/avaluo\/wp-json\/wp\/v2\/users\/3"}],"replies":[{"embeddable":true,"href":"https:\/\/tuavaluo.com\/avaluo\/wp-json\/wp\/v2\/comments?post=26117"}],"version-history":[{"count":0,"href":"https:\/\/tuavaluo.com\/avaluo\/wp-json\/wp\/v2\/posts\/26117\/revisions"}],"wp:featuredmedia":[{"embeddable":true,"href":"https:\/\/tuavaluo.com\/avaluo\/wp-json\/wp\/v2\/media\/26118"}],"wp:attachment":[{"href":"https:\/\/tuavaluo.com\/avaluo\/wp-json\/wp\/v2\/media?parent=26117"}],"wp:term":[{"taxonomy":"category","embeddable":true,"href":"https:\/\/tuavaluo.com\/avaluo\/wp-json\/wp\/v2\/categories?post=26117"},{"taxonomy":"post_tag","embeddable":true,"href":"https:\/\/tuavaluo.com\/avaluo\/wp-json\/wp\/v2\/tags?post=26117"}],"curies":[{"name":"wp","href":"https:\/\/api.w.org\/{rel}","templated":true}]}}