{"id":26416,"date":"2020-11-02T13:13:35","date_gmt":"2020-11-02T13:13:35","guid":{"rendered":"https:\/\/tuavaluo.com\/avaluo\/2020\/11\/02\/asturias-cierra-la-actividad-no-esencial-y-pide-un-confinamiento-domiciliario-de-15-dias\/"},"modified":"2020-11-02T13:13:35","modified_gmt":"2020-11-02T13:13:35","slug":"asturias-cierra-la-actividad-no-esencial-y-pide-un-confinamiento-domiciliario-de-15-dias","status":"publish","type":"post","link":"https:\/\/tuavaluo.com\/avaluo\/2020\/11\/02\/asturias-cierra-la-actividad-no-esencial-y-pide-un-confinamiento-domiciliario-de-15-dias\/","title":{"rendered":"Asturias cierra la actividad no esencial y pide un confinamiento domiciliario de 15 d\u00edas"},"content":{"rendered":"<div class=\"read-more-links\">\n<h5>Noticia relacionada<\/h5>\n<p><a class=\"readMore\" href=\"https:\/\/www.bolsamania.com\/noticias\/politica\/illa-descarta-confinamientos-domiciliarios-ahora-confia-medidas-actuales--7697803.html\" rel=\"noopener noreferrer\" target=\"_blank\" data-id=\"7697803\" rel=\"nofollow\" ><\/p>\n<figure><img class=\"lazy\" title=\"Leer m&#xE1;s\" data-original=\"https:\/\/img2.s3wfg.com\/web\/img\/images_uploaded\/e\/9\/ep_el_ministro_de_sanidad_salvador_illa_comparece_en_rueda_de_prensa_posterior_al_consejo_de_285x185.jpg\" data-src=\"https:\/\/img2.s3wfg.com\/web\/img\/images_uploaded\/e\/9\/ep_el_ministro_de_sanidad_salvador_illa_comparece_en_rueda_de_prensa_posterior_al_consejo_de_285x185.jpg\" \/><\/figure>\n<p>Illa descarta confinamientos domiciliarios por ahora y conf\u00eda en las medidas actuales <\/a><\/div>\n<p>Este lunes el comit\u00e9 de seguimiento del Covid-19 de la comunidad se ha reunido y ha dictaminado una resoluci\u00f3n para cerrar la actividad no esencial, en un intento por frenar el gran n\u00famero de contagios que se est\u00e1n registrando. La resoluci\u00f3n se publicar\u00e1 este martes, y entrar\u00e1 en vigor el mi\u00e9rcoles.<\/p>\n<p>Adem\u00e1s el Gobierno asturiano ha anunciado que el <strong>toque de queda quedar\u00e1 establecido a las 10 de la noche<\/strong> y ha asegurado que pedir\u00e1 el Ministerio de Sanidad que se apruebe un <strong>confinamiento domiciliario de 15 d\u00edas<\/strong>, aunque por el momento el titular de la cartera, <a href=\"https:\/\/www.bolsamania.com\/noticias\/politica\/illa-descarta-confinamientos-domiciliarios-ahora-confia-medidas-actuales--7697803.html\" rel=\"noopener noreferrer\" target=\"_blank\" rel=\"nofollow\" ><strong>Salvador Illa, lo ha descartado<\/strong><\/a>.<\/p>\n<p>Estas son las medidas que Asturias ha puesto sobre la mesa para evitar las interacciones sociales y la movilidad entre los concejos, dada la alta incidencia del coronavirus en la regi\u00f3n.<\/p>\n<p>La decisi\u00f3n ha sido anunciada por Barb\u00f3n tras haber pasado la comunidad aut\u00f3noma al nivel cuatro de alerta (riesgo extremo) por el <strong>fuerte aumento de la presi\u00f3n asistencial<\/strong> de los \u00faltimos d\u00edas y el de los contagios, que han superado los 3.000 en los \u00faltimos ocho d\u00edas de octubre.<\/p>\n<p>&#013;<br \/>\nSource: Bolsamania.com<\/p>\n","protected":false},"excerpt":{"rendered":"<p>Noticia relacionada Illa descarta confinamientos domiciliarios por ahora y conf\u00eda en las medidas actuales Este lunes el comit\u00e9 de seguimiento&#8230;<\/p>\n","protected":false},"author":3,"featured_media":26417,"comment_status":"open","ping_status":"closed","sticky":false,"template":"","format":"standard","meta":[],"categories":[104],"tags":[99],"_links":{"self":[{"href":"https:\/\/tuavaluo.com\/avaluo\/wp-json\/wp\/v2\/posts\/26416"}],"collection":[{"href":"https:\/\/tuavaluo.com\/avaluo\/wp-json\/wp\/v2\/posts"}],"about":[{"href":"https:\/\/tuavaluo.com\/avaluo\/wp-json\/wp\/v2\/types\/post"}],"author":[{"embeddable":true,"href":"https:\/\/tuavaluo.com\/avaluo\/wp-json\/wp\/v2\/users\/3"}],"replies":[{"embeddable":true,"href":"https:\/\/tuavaluo.com\/avaluo\/wp-json\/wp\/v2\/comments?post=26416"}],"version-history":[{"count":0,"href":"https:\/\/tuavaluo.com\/avaluo\/wp-json\/wp\/v2\/posts\/26416\/revisions"}],"wp:featuredmedia":[{"embeddable":true,"href":"https:\/\/tuavaluo.com\/avaluo\/wp-json\/wp\/v2\/media\/26417"}],"wp:attachment":[{"href":"https:\/\/tuavaluo.com\/avaluo\/wp-json\/wp\/v2\/media?parent=26416"}],"wp:term":[{"taxonomy":"category","embeddable":true,"href":"https:\/\/tuavaluo.com\/avaluo\/wp-json\/wp\/v2\/categories?post=26416"},{"taxonomy":"post_tag","embeddable":true,"href":"https:\/\/tuavaluo.com\/avaluo\/wp-json\/wp\/v2\/tags?post=26416"}],"curies":[{"name":"wp","href":"https:\/\/api.w.org\/{rel}","templated":true}]}}