{"id":27081,"date":"2020-11-13T14:24:08","date_gmt":"2020-11-13T14:24:08","guid":{"rendered":"https:\/\/tuavaluo.com\/avaluo\/2020\/11\/13\/el-fmi-pide-a-espana-esperar-que-el-pib-se-recupere-para-subir-el-iva-y-el-diesel\/"},"modified":"2020-11-13T14:24:08","modified_gmt":"2020-11-13T14:24:08","slug":"el-fmi-pide-a-espana-esperar-que-el-pib-se-recupere-para-subir-el-iva-y-el-diesel","status":"publish","type":"post","link":"https:\/\/tuavaluo.com\/avaluo\/2020\/11\/13\/el-fmi-pide-a-espana-esperar-que-el-pib-se-recupere-para-subir-el-iva-y-el-diesel\/","title":{"rendered":"El FMI pide a Espa\u00f1a esperar que el PIB se recupere para subir el IVA y el di\u00e9sel"},"content":{"rendered":"<p>As\u00ed aparece recogido en su \u00faltimo informe sobre Espa\u00f1a, en el que estima que el <strong>Producto Interior Bruto (PIB)<\/strong> experimente en 2022 un alza del 4,5%, tras crecer un 7,2% en 2021 y desplomarse un 12,8% en 2020. Es m\u00e1s, el organismo sigue manteniendo que la econom\u00eda espa\u00f1ola crecer\u00e1 un 3,4% en 2023, un 2,8% en 2024 y un 1,5% en 2025. Aunque el golpe del coronavirus se dejar\u00e1 sentir, especialmente, en el <strong>d\u00e9ficit<\/strong>.<\/p>\n<div class=\"read-more-links\">\n<h5>Noticia relacionada<\/h5>\n<p><a class=\"readMore\" href=\"https:\/\/www.bolsamania.com\/noticias\/economia\/fmi-gobiernos-europeos-sigan-gastando-agujero-cuentas--7685464.html\" rel=\"noopener noreferrer\" target=\"_blank\" data-id=\"7685464\" rel=\"nofollow\" ><\/p>\n<figure><img class=\"lazy\" title=\"Leer m&#xE1;s\" data-original=\"https:\/\/img2.s3wfg.com\/web\/img\/images_uploaded\/8\/e\/ep_fmi_285x185.jpg\" data-src=\"https:\/\/img2.s3wfg.com\/web\/img\/images_uploaded\/8\/e\/ep_fmi_285x185.jpg\" \/><\/figure>\n<p>El FMI pide a los gobiernos europeos que sigan gastando pese al agujero en sus cuentas <\/a><\/div>\n<p>Seg\u00fan el FMI, el d\u00e9ficit p\u00fablico todav\u00eda estar\u00e1 situado en el 5,8% en 2022, tras alcanzar el 7,5% en 2021 y el 14,1% en 2020. Posteriormente, en 2023 se reducir\u00e1 hasta el 4,7% y en 2024 alcanzar\u00e1 el 3,9%, aunque experimentar\u00e1 un repunte en 2025 hasta el 4,4%. \u00abLa pandemia ha golpeado en la sociedad y la econom\u00eda espa\u00f1olas gravemente tras cinco a\u00f1os de crecimiento s\u00f3lido y rico en empleos. Un gran sector servicios dominado por las pymes, la importancia del turismo y el uso generalizado del empleo temporal hacen a la econom\u00eda particularmente vulnerable a la crisis sanitaria. <strong>Har\u00e1n falta varios a\u00f1os para que la econom\u00eda se recupere<\/strong> y los pron\u00f3sticos est\u00e1n sujetos a graves riesgos a la baja\u00bb, alertan los t\u00e9cnicos del FMI.<\/p>\n<p>De ah\u00ed que el Fondo pida al Gobierno esperar antes de acometer medidas que podr\u00edan afectar negativamente y de forma \u00abdesproporcionada\u00bb a las rentas bajas. \u00abMedidas que tengan un efecto desproporcionado sobre las rentas bajas para elevar la recaudaci\u00f3n de IVA o subir los impuestos medioambientales deber\u00edan <strong>esperar hasta que la recuperaci\u00f3n sea firme<\/strong> y venga acompa\u00f1ada de gasto focalizado en proteger a los m\u00e1s vulnerables\u00bb, se\u00f1ala la instituci\u00f3n dirigida por Kristalina Georgieva. En su opini\u00f3n, es m\u00e1s necesario enfocar las ayudas a colectivos concretos, como por ejemplo elevando la prestaci\u00f3n a los parados, y a empresas viables.<\/p>\n<p>En cambio, otras medidas como la <strong>subida de IRPF a las rentas altas<\/strong>, s\u00ed son bien recibidas por el organismo para 2021. Como explica, <a href=\"https:\/\/www.bolsamania.com\/noticias\/economia\/fmi-gobiernos-europeos-sigan-gastando-agujero-cuentas--7685464.html\" rel=\"noopener noreferrer\" target=\"_blank\" rel=\"nofollow\" ><strong>las pol\u00edticas p\u00fablicas se deben mantener<\/strong><\/a> hasta que la recuperaci\u00f3n est\u00e9 bien encaminada para \u00abmitigar el riesgo de una recesi\u00f3n transform\u00e1ndose en estr\u00e9s para el sector financiero\u00bb.<\/p>\n<p>Aunque en el informe destacan tambi\u00e9n las cr\u00edticas que el FMI lanza contra la subida para 2021 de las n\u00f3minas de funcionarios y pensionistas del 0,9%, aprobada recientemente y que supondr\u00e1 un gasto de m\u00e1s de 3.000 millones de euros el pr\u00f3ximo a\u00f1o. \u00abCompromisos para elevar de forma permanente determinados gastos, por ejemplo, a trav\u00e9s de los gastos en retribuciones o pensiones, deben ser evitados dado el elevado d\u00e9ficit fiscal estructural y las presiones a largo plazo sobre el gasto en la poblaci\u00f3n m\u00e1s mayor\u00bb, afirma.<\/p>\n<h4>INFLACI\u00d3N, PARO Y DEUDA<\/h4>\n<p>En sus previsiones, el FMI habla tambi\u00e9n de la inflaci\u00f3n. Cree que la tasa anual cerrar\u00e1 el a\u00f1o situada en el 0,8% el a\u00f1o que viene, tras registrar una deflaci\u00f3n del 0,3% este a\u00f1o. En 2022 escalar\u00e1 hasta el 1,6%. De su lado, la inflaci\u00f3n subyacente alcanzar\u00e1 el 0,8% en 2020 y caer\u00e1 hasta el 0,6% en 2021. Sin embargo, para 2022 repuntar\u00e1 hasta el 1,4%.<\/p>\n<p>Por otro lado, apunta que el paro registrar\u00e1 una <strong>evoluci\u00f3n menos favorable<\/strong> como consecuencia de la crisis generada por la pandemia. La estimaci\u00f3n del FMI es que alcance los niveles de 2019 (14,1%) hasta, por lo menos, en 2026. Este a\u00f1o, el paro escalar\u00e1 hasta el 16,8%, cifra en la que permanecer\u00e1 sin cambios en 2021.<\/p>\n<div class=\"read-more-links\">\n<h5>Noticia relacionada<\/h5>\n<p><a class=\"readMore\" href=\"https:\/\/www.bolsamania.com\/noticias\/economia\/espana-sufrira-recesion-mas-aguda-zona-euro-2020-fmi--7674405.html\" rel=\"noopener noreferrer\" target=\"_blank\" data-id=\"7674405\" rel=\"nofollow\" ><\/p>\n<figure><img class=\"lazy\" title=\"Leer m&#xE1;s\" data-original=\"https:\/\/img.s3wfg.com\/web\/img\/images_uploaded\/9\/3\/ep_filed_-_20_january_2020_switzerland_davos_kristalina_georgieva_managing_director_of_the_285x185.jpg\" data-src=\"https:\/\/img.s3wfg.com\/web\/img\/images_uploaded\/9\/3\/ep_filed_-_20_january_2020_switzerland_davos_kristalina_georgieva_managing_director_of_the_285x185.jpg\" \/><\/figure>\n<p>El FMI prev\u00e9 que Espa\u00f1a sufrir\u00e1 la recesi\u00f3n m\u00e1s aguda de la zona euro en 2020 <\/a><\/div>\n<p>En 2022 el desempleo comenzar\u00e1 su reducci\u00f3n hasta situarse en el 15,7%, aunque el ritmo de ca\u00edda se ir\u00e1 ralentizando en los a\u00f1os siguientes. En 2023 se situar\u00e1 en el 14,9%, mientras que en 2024 alcanzar\u00e1 el 14,4% y en 2025, el 14,2%. \u00abLa recuperaci\u00f3n depende de un fuerte repunte del consumo privado y un incremento sustancial de la inversi\u00f3n p\u00fablica financiada principalmente por la utilizaci\u00f3n de los fondos del Mecanismo de Recuperaci\u00f3n y Resiliencia de la UE\u00bb, ha agregado el organismo con sede en Washington.<\/p>\n<p>De hecho, buena parte de las recomendaciones del FMI apuntan al mercado laboral. En este sentido, pide al Gobierno aprobar el <strong>contrato \u00fanico<\/strong>, con indemnizaciones por despido crecientes, adem\u00e1s de la <strong>mochila austr\u00edaca<\/strong> (funciona como una hucha en la que el trabajador guarda aportaciones de la empresa que se puede llevar si cambia de compa\u00f1\u00eda y que podr\u00e1 usar en su jubilaci\u00f3n y despido).<\/p>\n<p>Reclama, adem\u00e1s, medidas para reducir la eventualidad en Espa\u00f1a, es decir, los contratos temporales, que perjudica a los j\u00f3venes. Su propuesta es asegurar la coordinaci\u00f3n del Ingreso M\u00ednimo Vital con las rentas auton\u00f3micas, pero aconseja a\u00f1adir a eso un complemento salarial que ayude a los empleados con salarios bajos.<\/p>\n<p>Y apunta tambi\u00e9n que <strong>las necesidades de financiaci\u00f3n derivadas del gasto social para contrarrestar los efectos de la pandemia tendr\u00e1n un impacto en la deuda p\u00fablica<\/strong>. Si en 2019 cerr\u00f3 en el 95,5% del PIB, este a\u00f1o alcanzar\u00e1 el 123%. La reducci\u00f3n para 2021 y 2022 ser\u00e1 poco pronunciada, registrando un ratio del 121,3% y del 120,4%, respectivamente.<\/p>\n<p>&#013;<br \/>\nSource: Bolsamania.com<\/p>\n","protected":false},"excerpt":{"rendered":"<p>As\u00ed aparece recogido en su \u00faltimo informe sobre Espa\u00f1a, en el que estima que el Producto Interior Bruto (PIB) experimente&#8230;<\/p>\n","protected":false},"author":3,"featured_media":27082,"comment_status":"open","ping_status":"closed","sticky":false,"template":"","format":"standard","meta":[],"categories":[104],"tags":[99],"_links":{"self":[{"href":"https:\/\/tuavaluo.com\/avaluo\/wp-json\/wp\/v2\/posts\/27081"}],"collection":[{"href":"https:\/\/tuavaluo.com\/avaluo\/wp-json\/wp\/v2\/posts"}],"about":[{"href":"https:\/\/tuavaluo.com\/avaluo\/wp-json\/wp\/v2\/types\/post"}],"author":[{"embeddable":true,"href":"https:\/\/tuavaluo.com\/avaluo\/wp-json\/wp\/v2\/users\/3"}],"replies":[{"embeddable":true,"href":"https:\/\/tuavaluo.com\/avaluo\/wp-json\/wp\/v2\/comments?post=27081"}],"version-history":[{"count":0,"href":"https:\/\/tuavaluo.com\/avaluo\/wp-json\/wp\/v2\/posts\/27081\/revisions"}],"wp:featuredmedia":[{"embeddable":true,"href":"https:\/\/tuavaluo.com\/avaluo\/wp-json\/wp\/v2\/media\/27082"}],"wp:attachment":[{"href":"https:\/\/tuavaluo.com\/avaluo\/wp-json\/wp\/v2\/media?parent=27081"}],"wp:term":[{"taxonomy":"category","embeddable":true,"href":"https:\/\/tuavaluo.com\/avaluo\/wp-json\/wp\/v2\/categories?post=27081"},{"taxonomy":"post_tag","embeddable":true,"href":"https:\/\/tuavaluo.com\/avaluo\/wp-json\/wp\/v2\/tags?post=27081"}],"curies":[{"name":"wp","href":"https:\/\/api.w.org\/{rel}","templated":true}]}}