{"id":27096,"date":"2020-11-13T19:01:13","date_gmt":"2020-11-13T19:01:13","guid":{"rendered":"https:\/\/tuavaluo.com\/avaluo\/2020\/11\/13\/amper-sufre-unas-perdidas-de-175-millones-debido-al-impacto-del-covid-19\/"},"modified":"2020-11-13T19:01:13","modified_gmt":"2020-11-13T19:01:13","slug":"amper-sufre-unas-perdidas-de-175-millones-debido-al-impacto-del-covid-19","status":"publish","type":"post","link":"https:\/\/tuavaluo.com\/avaluo\/2020\/11\/13\/amper-sufre-unas-perdidas-de-175-millones-debido-al-impacto-del-covid-19\/","title":{"rendered":"Amper sufre unas p\u00e9rdidas de 1,75 millones debido al impacto del Covid-19"},"content":{"rendered":"<p>Los resultados del an\u00e1lisis de las cuentas de la multinacional han sido <strong>negativos<\/strong>. Seg\u00fan la Comisi\u00f3n Nacional del Mercado de Valores (CNMV), la compa\u00f1\u00eda registr\u00f3 <strong>18,12 millones de euros<\/strong> los mismos meses en el a\u00f1o anterior, lo que supone <strong>1,75 millones menos.<\/strong><\/p>\n<p>El portavoz de Amper argumenta que esta situaci\u00f3n se debe a la<strong> crisis econ\u00f3mica<\/strong> generalizada provocada por la pandemia. La Covid-19 ha afectado de manera directa en los nueve primeros meses del a\u00f1o de la multinacional.<\/p>\n<p>Sin embargo, los resultados tambi\u00e9n mostraban una recuperaci\u00f3n paulatina de la actividad en el tercer trimestre, adem\u00e1s de una reanudaci\u00f3n de determinados proyectos. Amper recalca que los ingresos <strong>aumentaron un 15%<\/strong> en estos meses respecto al a\u00f1o anterior, esta lenta reconstrucci\u00f3n \u201cintensa s\u00f3lo en el mes de septiembre\u201d no se ha transferido a la l\u00ednea de ingresos.<\/p>\n<p>En 2018, Amper logr\u00f3 un beneficio bruto de explotaci\u00f3n de 19,55% millones de euros. Este a\u00f1o la cifra se ha <strong>reducido un 69%<\/strong> en comparaci\u00f3n, lo que supone un descenso a los <strong>6,06 millones de euros<\/strong>.<\/p>\n<p>&#013;<br \/>\nSource: Bolsamania.com<\/p>\n","protected":false},"excerpt":{"rendered":"<p>Los resultados del an\u00e1lisis de las cuentas de la multinacional han sido negativos. Seg\u00fan la Comisi\u00f3n Nacional del Mercado de&#8230;<\/p>\n","protected":false},"author":3,"featured_media":0,"comment_status":"open","ping_status":"closed","sticky":false,"template":"","format":"standard","meta":[],"categories":[104],"tags":[99],"_links":{"self":[{"href":"https:\/\/tuavaluo.com\/avaluo\/wp-json\/wp\/v2\/posts\/27096"}],"collection":[{"href":"https:\/\/tuavaluo.com\/avaluo\/wp-json\/wp\/v2\/posts"}],"about":[{"href":"https:\/\/tuavaluo.com\/avaluo\/wp-json\/wp\/v2\/types\/post"}],"author":[{"embeddable":true,"href":"https:\/\/tuavaluo.com\/avaluo\/wp-json\/wp\/v2\/users\/3"}],"replies":[{"embeddable":true,"href":"https:\/\/tuavaluo.com\/avaluo\/wp-json\/wp\/v2\/comments?post=27096"}],"version-history":[{"count":0,"href":"https:\/\/tuavaluo.com\/avaluo\/wp-json\/wp\/v2\/posts\/27096\/revisions"}],"wp:attachment":[{"href":"https:\/\/tuavaluo.com\/avaluo\/wp-json\/wp\/v2\/media?parent=27096"}],"wp:term":[{"taxonomy":"category","embeddable":true,"href":"https:\/\/tuavaluo.com\/avaluo\/wp-json\/wp\/v2\/categories?post=27096"},{"taxonomy":"post_tag","embeddable":true,"href":"https:\/\/tuavaluo.com\/avaluo\/wp-json\/wp\/v2\/tags?post=27096"}],"curies":[{"name":"wp","href":"https:\/\/api.w.org\/{rel}","templated":true}]}}