{"id":27097,"date":"2020-11-13T18:54:39","date_gmt":"2020-11-13T18:54:39","guid":{"rendered":"https:\/\/tuavaluo.com\/avaluo\/2020\/11\/13\/el-sepe-niega-los-retrasos-en-el-cobro-y-dice-que-no-hay-erte-pendientes-de-pago\/"},"modified":"2020-11-13T18:54:39","modified_gmt":"2020-11-13T18:54:39","slug":"el-sepe-niega-los-retrasos-en-el-cobro-y-dice-que-no-hay-erte-pendientes-de-pago","status":"publish","type":"post","link":"https:\/\/tuavaluo.com\/avaluo\/2020\/11\/13\/el-sepe-niega-los-retrasos-en-el-cobro-y-dice-que-no-hay-erte-pendientes-de-pago\/","title":{"rendered":"El SEPE niega los retrasos en el cobro y dice que &quot;no hay ERTE pendientes de pago&quot;"},"content":{"rendered":"<p>Durante una entrevista este viernes en RTVE, ha explicado que \u00abno hay solicitudes colectivas pendientes\u00bb, \u00ablo que s\u00ed que ocurre, como es normal, es que aquellos nuevos ERTE deben ser <strong>previamente aprobados por la Autoridad Laboral de las CCAA<\/strong>, y en eso est\u00e1n\u00bb.<\/p>\n<p>Guti\u00e9rrez s\u00ed que destaca que <strong>la carga de trabajo se ha multiplicado por seis<\/strong> en estos \u00faltimos meses debido al aluvi\u00f3n de solicitudes de prestaciones como consecuencia de la crisis derivada de la pandemia del Covid-19, por lo que \u00abes normal la ralentizaci\u00f3n en un momento dado\u00bb.<\/p>\n<p>Sin embargo, \u00ab<strong>en el SEPE no hay retrasos<\/strong>, en la Autoridad Laboral puede haber alguna demora\u00bb, reconoce.<\/p>\n<p>Los comentarios del director general del SEPE vienen despu\u00e9s de unos d\u00edas en los que han vuelto a surgir informaciones sobre el caos que estas oficinas vienen registrando pr\u00e1cticamente desde el inicio de la pandemia y que las pr\u00f3rrogas de los ERTE han avivado.<\/p>\n<p>De hecho, miles de afectados reclaman que se han quedado <strong>sin recibir la prestaci\u00f3n<\/strong>. Incluso, muchas personas que ven\u00edan recibiendo correctamente el pago se han encontrado con que no les han abonado lo correspondiente a octubre, algo que los gestores achacan a un cambio sin aviso en la nueva solicitud que todas las empresas deb\u00edan presentar.<\/p>\n<p>Desde el sindicato CSIF considera que las horas extras autorizadas para el SEPE <strong>\u00abno son suficientes\u00bb<\/strong> para afrontar la actual carga de trabajo, con lo que reclaman la publicaci\u00f3n inmediata de una Oferta de Empleo P\u00fablico extraordinaria as\u00ed como el establecimiento en este organismo de la jornada de tarde voluntaria.<\/p>\n<p>Seg\u00fan sus c\u00e1lculos, en las dos \u00faltimas semanas la plantilla del SEPE ha tenido que asumir la tramitaci\u00f3n de cerca de 150.000 nuevos ERTE, que afectan a <strong>m\u00e1s de 720.000 trabajadores<\/strong>, junto al resto de prestaciones que gestiona el organismo. Y es que, como afirman los abogados de Leg\u00e1litas, los tr\u00e1mites para poder recibir el pago del desempleo o la jubilaci\u00f3n se est\u00e1n haciendo hasta <strong>90 d\u00edas de retraso<\/strong>.<\/p>\n<\/p>\n<p>&#013;<br \/>\nSource: Bolsamania.com<\/p>\n","protected":false},"excerpt":{"rendered":"<p>Durante una entrevista este viernes en RTVE, ha explicado que \u00abno hay solicitudes colectivas pendientes\u00bb, \u00ablo que s\u00ed que ocurre,&#8230;<\/p>\n","protected":false},"author":3,"featured_media":0,"comment_status":"open","ping_status":"closed","sticky":false,"template":"","format":"standard","meta":[],"categories":[104],"tags":[99],"_links":{"self":[{"href":"https:\/\/tuavaluo.com\/avaluo\/wp-json\/wp\/v2\/posts\/27097"}],"collection":[{"href":"https:\/\/tuavaluo.com\/avaluo\/wp-json\/wp\/v2\/posts"}],"about":[{"href":"https:\/\/tuavaluo.com\/avaluo\/wp-json\/wp\/v2\/types\/post"}],"author":[{"embeddable":true,"href":"https:\/\/tuavaluo.com\/avaluo\/wp-json\/wp\/v2\/users\/3"}],"replies":[{"embeddable":true,"href":"https:\/\/tuavaluo.com\/avaluo\/wp-json\/wp\/v2\/comments?post=27097"}],"version-history":[{"count":0,"href":"https:\/\/tuavaluo.com\/avaluo\/wp-json\/wp\/v2\/posts\/27097\/revisions"}],"wp:attachment":[{"href":"https:\/\/tuavaluo.com\/avaluo\/wp-json\/wp\/v2\/media?parent=27097"}],"wp:term":[{"taxonomy":"category","embeddable":true,"href":"https:\/\/tuavaluo.com\/avaluo\/wp-json\/wp\/v2\/categories?post=27097"},{"taxonomy":"post_tag","embeddable":true,"href":"https:\/\/tuavaluo.com\/avaluo\/wp-json\/wp\/v2\/tags?post=27097"}],"curies":[{"name":"wp","href":"https:\/\/api.w.org\/{rel}","templated":true}]}}