{"id":28121,"date":"2020-12-04T13:12:36","date_gmt":"2020-12-04T13:12:36","guid":{"rendered":"https:\/\/tuavaluo.com\/avaluo\/2020\/12\/04\/cataluna-contempla-suspender-las-elecciones-de-febrero-si-se-agrava-la-pandemia\/"},"modified":"2020-12-04T13:12:36","modified_gmt":"2020-12-04T13:12:36","slug":"cataluna-contempla-suspender-las-elecciones-de-febrero-si-se-agrava-la-pandemia","status":"publish","type":"post","link":"https:\/\/tuavaluo.com\/avaluo\/2020\/12\/04\/cataluna-contempla-suspender-las-elecciones-de-febrero-si-se-agrava-la-pandemia\/","title":{"rendered":"Catalu\u00f1a contempla suspender las elecciones de febrero si se agrava la pandemia"},"content":{"rendered":"<p>As\u00ed lo ha manifestado en su intervenci\u00f3n inicial en la mesa que Govern y grupos celebran este viernes en el Parlament, junto con el presidente de la C\u00e1mara catalana, Roger Torrent, y con la presencia del resto de miembros de la Mesa; del secretario general de Salud, Marc Ramentol; de la secretaria general de Interior, Elisabeth Abad; el secretario de Transparencia, Jordi Foz, y un representante de cada grupo parlamentario, seg\u00fan recoge Europa Press.<\/p>\n<div class=\"read-more-links\">\n<h5>Noticia relacionada<\/h5>\n<p><a class=\"readMore\" href=\"https:\/\/www.bolsamania.com\/noticias\/sanidad\/cataluna-paraliza-cambio-fase-desescalada-aumentar-contagios--7735647.html\" rel=\"noopener noreferrer\" target=\"_blank\" data-id=\"7735647\" rel=\"nofollow\" ><\/p>\n<figure><img class=\"lazy\" title=\"Leer m&#xE1;s\" data-original=\"https:\/\/img6.s3wfg.com\/web\/img\/images_uploaded\/4\/5\/ep_tres_mujeres_en_una_terraza_durante_el_primer_dia_del_inicio_del_primer_tramo_de_la_desescalada_285x185.jpg\" data-src=\"https:\/\/img6.s3wfg.com\/web\/img\/images_uploaded\/4\/5\/ep_tres_mujeres_en_una_terraza_durante_el_primer_dia_del_inicio_del_primer_tramo_de_la_desescalada_285x185.jpg\" \/><\/figure>\n<p>Catalu\u00f1a paraliza el cambio de fase en la desescalada tras aumentar los contagios <\/a><\/div>\n<p>Tras recordar que las <a href=\"https:\/\/www.bolsamania.com\/noticias\/politica\/erc-ganaria-las-catalanas-y-habria-mayoria-independentista-segun-el-ceo--7720330.html\" rel=\"noopener noreferrer\" target=\"_blank\" rel=\"nofollow\" ><strong>elecciones del 14 de febrero<\/strong><\/a> no estar\u00e1n formalmente convocadas hasta el 21 de diciembre, Sol\u00e9 ha destacado la importancia de trabajar con previsi\u00f3n porque se celebrar\u00e1n en un contexto de excepcionalidad, por el Covid-19, por lo que quieren asegurar que los comicios sean <strong>\u00ablo m\u00e1s parecido posible\u00bb a unos convencionales<\/strong>.<\/p>\n<p>El plan establece las medidas para adecuar los comicios al contexto del coronavirus, como que se vote en pabellones en vez de en colegios electorales, fomentar el voto por correo, y hacer franjas horarias para que puedan votar los colectivos de riesgo y las personas que est\u00e1n en cuarentena por ser positivos de Covid-19, contactos estrechos o sospechosos.<\/p>\n<p>Tambi\u00e9n contempla varios escenarios sobre la evoluci\u00f3n del coronavirus y plantea la posibilidad de posponer las elecciones en caso de que se agravara en extremo la pandemia, hasta el punto de llegar a escenarios como el del <strong>confinamiento domiciliario<\/strong> o el de una <strong>restricci\u00f3n absoluta de las actividades en amplios espacios y sectores<\/strong>, as\u00ed como en el \u00e1mbito de la <strong>movilidad<\/strong>.<\/p>\n<p>Adem\u00e1s, detalla los protocolos a seguir en la campa\u00f1a electoral, que durar\u00eda 15 d\u00edas como es habitual, y, entre otras cuestiones, recomienda fomentar actividades telem\u00e1ticas, priorizar actos al aire libre con aforo limitado y registro de asistentes, y evitar el contacto f\u00edsico de los l\u00edderes pol\u00edticos con la ciudadan\u00eda, la distribuci\u00f3n en mano de material de propaganda y los paseos por calles y mercados.<\/p>\n<p>&#013;<br \/>\nSource: Bolsamania.com<\/p>\n","protected":false},"excerpt":{"rendered":"<p>As\u00ed lo ha manifestado en su intervenci\u00f3n inicial en la mesa que Govern y grupos celebran este viernes en el&#8230;<\/p>\n","protected":false},"author":3,"featured_media":28122,"comment_status":"open","ping_status":"closed","sticky":false,"template":"","format":"standard","meta":[],"categories":[104],"tags":[99],"_links":{"self":[{"href":"https:\/\/tuavaluo.com\/avaluo\/wp-json\/wp\/v2\/posts\/28121"}],"collection":[{"href":"https:\/\/tuavaluo.com\/avaluo\/wp-json\/wp\/v2\/posts"}],"about":[{"href":"https:\/\/tuavaluo.com\/avaluo\/wp-json\/wp\/v2\/types\/post"}],"author":[{"embeddable":true,"href":"https:\/\/tuavaluo.com\/avaluo\/wp-json\/wp\/v2\/users\/3"}],"replies":[{"embeddable":true,"href":"https:\/\/tuavaluo.com\/avaluo\/wp-json\/wp\/v2\/comments?post=28121"}],"version-history":[{"count":0,"href":"https:\/\/tuavaluo.com\/avaluo\/wp-json\/wp\/v2\/posts\/28121\/revisions"}],"wp:featuredmedia":[{"embeddable":true,"href":"https:\/\/tuavaluo.com\/avaluo\/wp-json\/wp\/v2\/media\/28122"}],"wp:attachment":[{"href":"https:\/\/tuavaluo.com\/avaluo\/wp-json\/wp\/v2\/media?parent=28121"}],"wp:term":[{"taxonomy":"category","embeddable":true,"href":"https:\/\/tuavaluo.com\/avaluo\/wp-json\/wp\/v2\/categories?post=28121"},{"taxonomy":"post_tag","embeddable":true,"href":"https:\/\/tuavaluo.com\/avaluo\/wp-json\/wp\/v2\/tags?post=28121"}],"curies":[{"name":"wp","href":"https:\/\/api.w.org\/{rel}","templated":true}]}}