{"id":28168,"date":"2020-12-07T11:19:21","date_gmt":"2020-12-07T11:19:21","guid":{"rendered":"https:\/\/tuavaluo.com\/avaluo\/2020\/12\/07\/justicia-estudia-armonizar-el-delito-de-sedicion-conforme-a-conductas-penadas-en-europa\/"},"modified":"2020-12-07T11:19:21","modified_gmt":"2020-12-07T11:19:21","slug":"justicia-estudia-armonizar-el-delito-de-sedicion-conforme-a-conductas-penadas-en-europa","status":"publish","type":"post","link":"https:\/\/tuavaluo.com\/avaluo\/2020\/12\/07\/justicia-estudia-armonizar-el-delito-de-sedicion-conforme-a-conductas-penadas-en-europa\/","title":{"rendered":"Justicia estudia &quot;armonizar&quot; el delito de sedici\u00f3n conforme a conductas penadas en Europa"},"content":{"rendered":"<div class=\"read-more-links\">\n<h5>Noticia relacionada<\/h5>\n<p><a class=\"readMore\" href=\"https:\/\/www.bolsamania.com\/noticias\/politica\/supremo-tercer-grado-nueve-condenados-proces--7736995.html\" rel=\"noopener noreferrer\" target=\"_blank\" data-id=\"7736995\" rel=\"nofollow\" ><\/p>\n<figure><img class=\"lazy\" title=\"Leer m&#xE1;s\" data-original=\"https:\/\/img1.s3wfg.com\/web\/img\/images_uploaded\/e\/1\/ep_el_lider_de_erc_oriol_junqueras_en_una_conferencia_telematica_de_la_universitat_de_285x185.jpg\" data-src=\"https:\/\/img1.s3wfg.com\/web\/img\/images_uploaded\/e\/1\/ep_el_lider_de_erc_oriol_junqueras_en_una_conferencia_telematica_de_la_universitat_de_285x185.jpg\" \/><\/figure>\n<p>El Supremo revoca el tercer grado a los nueve condenados por el \u00abproc\u00e9s\u00bb <\/a><\/div>\n<p>Fuentes gubernamentales consultadas por Europa Press argumentan que la <strong>sedici\u00f3n es un delito que no encuentra f\u00e1cilmente un equivalente en los ordenamientos europeos<\/strong>, algo que no ocurre con la rebeli\u00f3n, que si bien no se denomina con este t\u00e9rmino en otros c\u00f3digos si puede compararse m\u00e1s f\u00e1cilmente con otras conductas gravemente penadas como \u00abalta traici\u00f3n\u00bb en Alemania o delitos contra la Rep\u00fablica o la integridad del territorio nacional en Francia.<\/p>\n<p>Pese a que se prev\u00e9 reformar ambos delitos, la atenci\u00f3n se centra especialmente en el de sedici\u00f3n porque es por el que fueron condenados por el Tribunal Supremo los l\u00edderes independentistas en el juicio por el \u00abproc\u00e9s&#8217; en Catalu\u00f1a. Adem\u00e1s, si la pena prevista se rebaja la reforma tendr\u00e1 consecuencias en el cumplimiento de las condenas ya impuestas al exvicepresident Oriol Junqueras y al resto de condenados, al aplicarse la retroactividad de la norma en beneficio del reo.<\/p>\n<p>&#013;<br \/>\nSource: Bolsamania.com<\/p>\n","protected":false},"excerpt":{"rendered":"<p>Noticia relacionada El Supremo revoca el tercer grado a los nueve condenados por el \u00abproc\u00e9s\u00bb Fuentes gubernamentales consultadas por Europa&#8230;<\/p>\n","protected":false},"author":3,"featured_media":28169,"comment_status":"open","ping_status":"closed","sticky":false,"template":"","format":"standard","meta":[],"categories":[104],"tags":[99],"_links":{"self":[{"href":"https:\/\/tuavaluo.com\/avaluo\/wp-json\/wp\/v2\/posts\/28168"}],"collection":[{"href":"https:\/\/tuavaluo.com\/avaluo\/wp-json\/wp\/v2\/posts"}],"about":[{"href":"https:\/\/tuavaluo.com\/avaluo\/wp-json\/wp\/v2\/types\/post"}],"author":[{"embeddable":true,"href":"https:\/\/tuavaluo.com\/avaluo\/wp-json\/wp\/v2\/users\/3"}],"replies":[{"embeddable":true,"href":"https:\/\/tuavaluo.com\/avaluo\/wp-json\/wp\/v2\/comments?post=28168"}],"version-history":[{"count":0,"href":"https:\/\/tuavaluo.com\/avaluo\/wp-json\/wp\/v2\/posts\/28168\/revisions"}],"wp:featuredmedia":[{"embeddable":true,"href":"https:\/\/tuavaluo.com\/avaluo\/wp-json\/wp\/v2\/media\/28169"}],"wp:attachment":[{"href":"https:\/\/tuavaluo.com\/avaluo\/wp-json\/wp\/v2\/media?parent=28168"}],"wp:term":[{"taxonomy":"category","embeddable":true,"href":"https:\/\/tuavaluo.com\/avaluo\/wp-json\/wp\/v2\/categories?post=28168"},{"taxonomy":"post_tag","embeddable":true,"href":"https:\/\/tuavaluo.com\/avaluo\/wp-json\/wp\/v2\/tags?post=28168"}],"curies":[{"name":"wp","href":"https:\/\/api.w.org\/{rel}","templated":true}]}}