{"id":28627,"date":"2020-12-17T11:17:27","date_gmt":"2020-12-17T11:17:27","guid":{"rendered":"https:\/\/tuavaluo.com\/avaluo\/2020\/12\/17\/los-paises-de-la-ue-empezaran-a-vacunar-contra-el-covid-19-el-27-de-diciembre\/"},"modified":"2020-12-17T11:17:27","modified_gmt":"2020-12-17T11:17:27","slug":"los-paises-de-la-ue-empezaran-a-vacunar-contra-el-covid-19-el-27-de-diciembre","status":"publish","type":"post","link":"https:\/\/tuavaluo.com\/avaluo\/2020\/12\/17\/los-paises-de-la-ue-empezaran-a-vacunar-contra-el-covid-19-el-27-de-diciembre\/","title":{"rendered":"Los pa\u00edses de la UE empezar\u00e1n a vacunar contra el Covid-19 el 27 de diciembre"},"content":{"rendered":"<div class=\"read-more-links\">\n<h5>Noticia relacionada<\/h5>\n<p><a class=\"readMore\" href=\"https:\/\/www.bolsamania.com\/noticias\/sanidad\/la-ue-avanzara-la-aprobacion-de-la-vacuna-de-pfizer-al-23-de-diciembre--7748638.html\" rel=\"noopener noreferrer\" target=\"_blank\" data-id=\"7748638\" rel=\"nofollow\" ><\/p>\n<figure><img class=\"lazy\" title=\"Leer m&#xE1;s\" data-original=\"https:\/\/img5.s3wfg.com\/web\/img\/images_uploaded\/a\/d\/cbvacuna_pfizer_285x185.jpg\" data-src=\"https:\/\/img5.s3wfg.com\/web\/img\/images_uploaded\/a\/d\/cbvacuna_pfizer_285x185.jpg\" \/><\/figure>\n<p>La UE adelanta la aprobaci\u00f3n de la vacuna de Pfizer-BioNTech al 21 de diciembre <\/a><\/div>\n<p>As\u00ed lo ha avanzado este jueves <strong>Jens Spahn<\/strong>, el ministro de Sanidad de Alemania.<\/p>\n<p>\u00abEn Alemania <strong>empezaremos,<\/strong> si el visto bueno llega seg\u00fan lo planeado, <strong>el 27 de diciembre<\/strong>. El resto de pa\u00edses de la UE quieren poder empezar el d\u00eda 27&#8243;, ha declarado hoy tras una reuni\u00f3n online con la cancillera, <strong>Angela Merkel,<\/strong> y con la <strong>direcci\u00f3n de BioNTech,<\/strong> responsable de la vacuna junto a Pfizer.<\/p>\n<p>Alemania, al igual que los dem\u00e1s miembros de la UE, est\u00e1 obligada a esperar la <strong>aprobaci\u00f3n de la vacuna de Pfizer-BioNTech por parte de la EMA<\/strong>, el cual prev\u00e9 aprobarla el<strong> 21 de diciembre. <\/strong><\/p>\n<p>Los Veintisiete dar\u00edan su <strong>visto bueno definitivo a la vacuna el 23 de diciembre<\/strong>, despu\u00e9s del pronunciamiento de la EMA, seg\u00fan fuentes oficiales de la Uni\u00f3n Europea.<\/p>\n<p>&#013;<br \/>\nSource: Bolsamania.com<\/p>\n","protected":false},"excerpt":{"rendered":"<p>Noticia relacionada La UE adelanta la aprobaci\u00f3n de la vacuna de Pfizer-BioNTech al 21 de diciembre As\u00ed lo ha avanzado&#8230;<\/p>\n","protected":false},"author":3,"featured_media":28628,"comment_status":"open","ping_status":"closed","sticky":false,"template":"","format":"standard","meta":[],"categories":[104],"tags":[99],"_links":{"self":[{"href":"https:\/\/tuavaluo.com\/avaluo\/wp-json\/wp\/v2\/posts\/28627"}],"collection":[{"href":"https:\/\/tuavaluo.com\/avaluo\/wp-json\/wp\/v2\/posts"}],"about":[{"href":"https:\/\/tuavaluo.com\/avaluo\/wp-json\/wp\/v2\/types\/post"}],"author":[{"embeddable":true,"href":"https:\/\/tuavaluo.com\/avaluo\/wp-json\/wp\/v2\/users\/3"}],"replies":[{"embeddable":true,"href":"https:\/\/tuavaluo.com\/avaluo\/wp-json\/wp\/v2\/comments?post=28627"}],"version-history":[{"count":0,"href":"https:\/\/tuavaluo.com\/avaluo\/wp-json\/wp\/v2\/posts\/28627\/revisions"}],"wp:featuredmedia":[{"embeddable":true,"href":"https:\/\/tuavaluo.com\/avaluo\/wp-json\/wp\/v2\/media\/28628"}],"wp:attachment":[{"href":"https:\/\/tuavaluo.com\/avaluo\/wp-json\/wp\/v2\/media?parent=28627"}],"wp:term":[{"taxonomy":"category","embeddable":true,"href":"https:\/\/tuavaluo.com\/avaluo\/wp-json\/wp\/v2\/categories?post=28627"},{"taxonomy":"post_tag","embeddable":true,"href":"https:\/\/tuavaluo.com\/avaluo\/wp-json\/wp\/v2\/tags?post=28627"}],"curies":[{"name":"wp","href":"https:\/\/api.w.org\/{rel}","templated":true}]}}